{"id":18281,"date":"2025-07-29T18:22:03","date_gmt":"2025-07-29T21:22:03","guid":{"rendered":"https:\/\/laserenaradio.cl\/web\/?p=18281"},"modified":"2025-07-29T18:22:03","modified_gmt":"2025-07-29T21:22:03","slug":"juicio-por-femicidio-a-un-adolescente-de-17-anos-en-ovalle","status":"publish","type":"post","link":"https:\/\/laserenaradio.cl\/web\/2025\/07\/29\/juicio-por-femicidio-a-un-adolescente-de-17-anos-en-ovalle\/","title":{"rendered":"Juicio por femicidio a un adolescente de 17 a\u00f1os en Ovalle"},"content":{"rendered":"<p>Un a\u00f1o y cuatro meses despu\u00e9s del asesinato de Paulina C\u00e1ceres Espinoza, un adolescente identificado por las iniciales L. M. P fue declarado culpable de femicidio \u00edntimo en Ovalle, Coquimbo.<\/p>\n<p>La pericia bal\u00edstica del Labocar de <a href=\"https:\/\/www.carabineros.cl\/\">Carabineros<\/a> de Coquimbo fue clave para demostrar que el disparo no fue accidental ni parte de un juego, como sostuvo el acusado. El tribunal consider\u00f3 la posici\u00f3n y trayectoria del proyectil, acreditando dolo directo de matar a Paulina.<\/p>\n<p>Paulina, estudiante de tercero medio del Colegio Santa Mar\u00eda Eufrasia de Ovalle, falleci\u00f3 tras recibir un disparo en la cabeza mientras se encontraba en la vivienda del acusado. Este hecho ocurri\u00f3 el 31 de marzo de 2024.<\/p>\n<p>Desde el inicio, la familia sospech\u00f3 que se trataba de un femicidio. La defensa intent\u00f3 instalar la versi\u00f3n de un accidente. La <a href=\"https:\/\/www.fiscaliadechile.cl\/\">Fiscal\u00eda<\/a> solicit\u00f3 una pena m\u00e1xima: 10 a\u00f1os de internaci\u00f3n en r\u00e9gimen cerrado con programa de reinserci\u00f3n social.<\/p>\n<p>Carolina Pizarro Espinoza, hermana de Paulina, considera que el condenado es peligroso y cree que hay otras v\u00edctimas. Aunque la familia espera la sanci\u00f3n m\u00e1s alta posible, Carolina cree que la justicia sigue siendo insuficiente.<\/p>\n<p>La audiencia de lectura de sentencia se program\u00f3 para el jueves 7 de agosto, donde el tribunal decidir\u00e1 si acepta la solicitud de la <a href=\"https:\/\/www.fiscaliadechile.cl\/\">Fiscal\u00eda<\/a> o opta por una pena menor.<\/p>\n","protected":false},"excerpt":{"rendered":"<p>Un a\u00f1o y cuatro meses despu\u00e9s del asesinato de Paulina C\u00e1ceres Espinoza, un adolescente identificado por las iniciales L. M. P fue declarado culpable de femicidio \u00edntimo en Ovalle, Coquimbo. La pericia bal\u00edstica del Labocar de Carabineros de Coquimbo fue clave para demostrar que el disparo no fue accidental ni parte de un juego, como [&hellip;]<\/p>\n","protected":false},"author":2,"featured_media":18280,"comment_status":"closed","ping_status":"open","sticky":false,"template":"","format":"standard","meta":{"_jetpack_memberships_contains_paid_content":false,"jnews-multi-image_gallery":[],"jnews_single_post":[],"jnews_primary_category":[],"jnews_social_meta":[],"jnews_paywall_metabox":[],"jnews_review":[],"enable_review":"","type":"","name":"","summary":"","brand":"","sku":"","good":[],"bad":[],"score_override":"","override_value":"","rating":[],"price":[],"jnews_override_counter":[],"jnews_post_split":[],"footnotes":""},"categories":[21],"tags":[],"class_list":["post-18281","post","type-post","status-publish","format-standard","has-post-thumbnail","hentry","category-nacional"],"jetpack_featured_media_url":"https:\/\/laserenaradio.cl\/web\/wp-content\/uploads\/2025\/07\/homepiaiextractoscrapimg_webpJuicioOvalle_0.webp","jetpack_sharing_enabled":true,"_links":{"self":[{"href":"https:\/\/laserenaradio.cl\/web\/wp-json\/wp\/v2\/posts\/18281","targetHints":{"allow":["GET"]}}],"collection":[{"href":"https:\/\/laserenaradio.cl\/web\/wp-json\/wp\/v2\/posts"}],"about":[{"href":"https:\/\/laserenaradio.cl\/web\/wp-json\/wp\/v2\/types\/post"}],"author":[{"embeddable":true,"href":"https:\/\/laserenaradio.cl\/web\/wp-json\/wp\/v2\/users\/2"}],"replies":[{"embeddable":true,"href":"https:\/\/laserenaradio.cl\/web\/wp-json\/wp\/v2\/comments?post=18281"}],"version-history":[{"count":1,"href":"https:\/\/laserenaradio.cl\/web\/wp-json\/wp\/v2\/posts\/18281\/revisions"}],"predecessor-version":[{"id":18282,"href":"https:\/\/laserenaradio.cl\/web\/wp-json\/wp\/v2\/posts\/18281\/revisions\/18282"}],"wp:featuredmedia":[{"embeddable":true,"href":"https:\/\/laserenaradio.cl\/web\/wp-json\/wp\/v2\/media\/18280"}],"wp:attachment":[{"href":"https:\/\/laserenaradio.cl\/web\/wp-json\/wp\/v2\/media?parent=18281"}],"wp:term":[{"taxonomy":"category","embeddable":true,"href":"https:\/\/laserenaradio.cl\/web\/wp-json\/wp\/v2\/categories?post=18281"},{"taxonomy":"post_tag","embeddable":true,"href":"https:\/\/laserenaradio.cl\/web\/wp-json\/wp\/v2\/tags?post=18281"}],"curies":[{"name":"wp","href":"https:\/\/api.w.org\/{rel}","templated":true}]}}