{"id":18272,"date":"2025-07-29T18:11:42","date_gmt":"2025-07-29T21:11:42","guid":{"rendered":"https:\/\/laserenaradio.cl\/web\/?p=18272"},"modified":"2025-07-29T18:11:42","modified_gmt":"2025-07-29T21:11:42","slug":"busqueda-del-estudiante-sebastian-gotschlich-yanez-desaparecido-en-chiloe","status":"publish","type":"post","link":"https:\/\/laserenaradio.cl\/web\/2025\/07\/29\/busqueda-del-estudiante-sebastian-gotschlich-yanez-desaparecido-en-chiloe\/","title":{"rendered":"B\u00fasqueda del estudiante Sebasti\u00e1n Gotschlich Y\u00e1\u00f1ez desaparecido en Chilo\u00e9"},"content":{"rendered":"<p>Contin\u00faan las labores de b\u00fasqueda del estudiante universitario Sebasti\u00e1n Gotschlich Y\u00e1\u00f1ez, extraviado desde el viernes pasado en el Parque Tepuhueico, Chiloe. El joven, de 23 a\u00f1os y originario de Santiago, trabajaba en la tesis de su Ingenier\u00eda en Recursos Naturales Renovables de la Universidad de Chile, enfocada en turberas y almacenamiento de carbono.<\/p>\n<p>Al perderse, vest\u00eda botas, pantal\u00f3n outdoor, gorro y parka. Llevaba 6 huevos cocidos, 4 s\u00e1ndwiches y una linterna. Gotschlich, un atleta con conocimientos boscosos, no se anot\u00f3 al ingreso del Parque Tepuhueico. Estaba solo en la zona y dorm\u00eda en la caba\u00f1a de los guardaparques, al inicio del sendero R\u00edo Bravo.<\/p>\n<p>Jorge Lorca, comandante de <a href=\"https:\/\/www.carabineros.cl\/\">Carabineros<\/a> en la provincia de Chilo\u00e9, indic\u00f3 a Radio B\u00edo B\u00edo que Gotschlich sali\u00f3 de la caba\u00f1a a las 5:00 am el viernes y sigui\u00f3 el sendero hasta el cruce de Las Nalcas. Desde all\u00ed, se dirigi\u00f3 al mirador, luego a las turberas, donde se le perdi\u00f3 el rastro.<\/p>\n<p>Las condiciones meteorol\u00f3gicas malas complican la b\u00fasqueda. 60 personas colaboran en la b\u00fasqueda, con equipos especializados desplegados. Participan <a href=\"https:\/\/www.carabineros.cl\/\">Carabineros<\/a>, <a href=\"https:\/\/www.bomberos.cl\/\">Bomberos<\/a> de Chonchi, <a href=\"https:\/\/www.ejercito.cl\/\">Ej\u00e9rcito de Chile<\/a>, GOPE y Conaf. Tres unidades caninas (K-9) tambi\u00e9n se encuentran en el lugar.<\/p>\n<p>Se hallaron indicios de que Gotschlich estuvo cerca del \u00e1rea de b\u00fasqueda. Funcionarios encontraron ramas quebradas y escucharon voces, lo que no descartan como posibles indicadores. GOPE de <a href=\"https:\/\/www.carabineros.cl\/\">Carabineros<\/a> y el Ej\u00e9rcito est\u00e1n rastreando \u00e1reas profondas con cuerdas.<\/p>\n<p>El Servicio Nacional de Prevenci\u00f3n y Respuesta ante Desastres (<a href=\"http:\/\/www.senapred.cl\">Senapred<\/a>) con 4 funcionarios est\u00e1 al mando. Adem\u00e1s, son 40 los funcionarios de emergencia en la zona, sum\u00e1ndose voluntarios, personal administrativo del parque y familiares del joven. La Municipalidad de Chonchi proporciona apoyo log\u00edstico y de comunicaciones.<\/p>\n<p>Universidad de Chile ha mantenido comunicaci\u00f3n constante con la administraci\u00f3n del Parque Tepuhueico para colaborar con todo lo necesario, incluyendo insumos que los equipos de rescate puedan requerir. Decanatura, Vicerrector\u00eda, Direcci\u00f3n de Bienestar Estudiantil y otros actores han expresado su apoyo a la familia de Gotschlich.<\/p>\n","protected":false},"excerpt":{"rendered":"<p>Contin\u00faan las labores de b\u00fasqueda del estudiante universitario Sebasti\u00e1n Gotschlich Y\u00e1\u00f1ez, extraviado desde el viernes pasado en el Parque Tepuhueico, Chiloe. El joven, de 23 a\u00f1os y originario de Santiago, trabajaba en la tesis de su Ingenier\u00eda en Recursos Naturales Renovables de la Universidad de Chile, enfocada en turberas y almacenamiento de carbono. Al perderse, [&hellip;]<\/p>\n","protected":false},"author":2,"featured_media":18271,"comment_status":"closed","ping_status":"open","sticky":false,"template":"","format":"standard","meta":{"_jetpack_memberships_contains_paid_content":false,"jnews-multi-image_gallery":[],"jnews_single_post":[],"jnews_primary_category":[],"jnews_social_meta":[],"jnews_paywall_metabox":[],"jnews_review":[],"enable_review":"","type":"","name":"","summary":"","brand":"","sku":"","good":[],"bad":[],"score_override":"","override_value":"","rating":[],"price":[],"jnews_override_counter":[],"jnews_post_split":[],"footnotes":""},"categories":[21],"tags":[],"class_list":["post-18272","post","type-post","status-publish","format-standard","has-post-thumbnail","hentry","category-nacional"],"jetpack_featured_media_url":"https:\/\/laserenaradio.cl\/web\/wp-content\/uploads\/2025\/07\/homepiaiextractoscrapimg_webpGotschlichParqueTepuhueicoChilecarabineros_1.webp","jetpack_sharing_enabled":true,"_links":{"self":[{"href":"https:\/\/laserenaradio.cl\/web\/wp-json\/wp\/v2\/posts\/18272","targetHints":{"allow":["GET"]}}],"collection":[{"href":"https:\/\/laserenaradio.cl\/web\/wp-json\/wp\/v2\/posts"}],"about":[{"href":"https:\/\/laserenaradio.cl\/web\/wp-json\/wp\/v2\/types\/post"}],"author":[{"embeddable":true,"href":"https:\/\/laserenaradio.cl\/web\/wp-json\/wp\/v2\/users\/2"}],"replies":[{"embeddable":true,"href":"https:\/\/laserenaradio.cl\/web\/wp-json\/wp\/v2\/comments?post=18272"}],"version-history":[{"count":1,"href":"https:\/\/laserenaradio.cl\/web\/wp-json\/wp\/v2\/posts\/18272\/revisions"}],"predecessor-version":[{"id":18273,"href":"https:\/\/laserenaradio.cl\/web\/wp-json\/wp\/v2\/posts\/18272\/revisions\/18273"}],"wp:featuredmedia":[{"embeddable":true,"href":"https:\/\/laserenaradio.cl\/web\/wp-json\/wp\/v2\/media\/18271"}],"wp:attachment":[{"href":"https:\/\/laserenaradio.cl\/web\/wp-json\/wp\/v2\/media?parent=18272"}],"wp:term":[{"taxonomy":"category","embeddable":true,"href":"https:\/\/laserenaradio.cl\/web\/wp-json\/wp\/v2\/categories?post=18272"},{"taxonomy":"post_tag","embeddable":true,"href":"https:\/\/laserenaradio.cl\/web\/wp-json\/wp\/v2\/tags?post=18272"}],"curies":[{"name":"wp","href":"https:\/\/api.w.org\/{rel}","templated":true}]}}