{"id":18269,"date":"2025-07-29T18:09:29","date_gmt":"2025-07-29T21:09:29","guid":{"rendered":"https:\/\/laserenaradio.cl\/web\/?p=18269"},"modified":"2025-07-29T18:09:29","modified_gmt":"2025-07-29T21:09:29","slug":"la-fiscalia-prepara-acusacion-formal-contra-daniel-jadue","status":"publish","type":"post","link":"https:\/\/laserenaradio.cl\/web\/2025\/07\/29\/la-fiscalia-prepara-acusacion-formal-contra-daniel-jadue\/","title":{"rendered":"La Fiscal\u00eda prepara acusaci\u00f3n formal contra Daniel Jadue"},"content":{"rendered":"<p>La <a href=\"https:\/\/www.fiscaliadechile.cl\/\">Fiscal\u00eda<\/a> Centro Norte est\u00e1 a un paso de presentar una acusaci\u00f3n formal contra Daniel Jadue, exalcalde de Recoleta, por delitos de corrupci\u00f3n relacionados con Achifarp. El caso se ha extendido durante cuatro a\u00f1os, y podr\u00eda inhabilitarlo para futuras candidaturas al Congreso.<\/p>\n<p>Recientemente, la fiscal adjunta Bernardita Luebert present\u00f3 una solicitud al Tercer Juzgado de Garant\u00eda de Santiago, dejando sin efecto la convocatoria programada para el 28 de agosto. El Ministerio P\u00fablico contar\u00e1 con todos los informes pendientes, sugiriendo que se cerrar\u00eda la etapa de investigaci\u00f3n y se presentar\u00eda la acusaci\u00f3n formal.<\/p>\n<p>Giovanna Herrera, fiscal principal del caso, anticip\u00f3 en una audiencia de revisi\u00f3n de cautelares el 16 de junio que la acusaci\u00f3n &#8220;estaba en construcci\u00f3n&#8221;. La presentaci\u00f3n de esta acusaci\u00f3n pondr\u00eda en jaque los futuros planes pol\u00edticos de Jadue y lo inhabilitar\u00eda.<\/p>\n<p>La defensa anterior de Jadue, formada por Juan Carlos Manr\u00edquez y Ram\u00f3n Sep\u00falveda, hab\u00eda sostenido que la acusaci\u00f3n era imposible debido a diligencias pendientes. Sin embargo, actualmente esa perspectiva ha cambiado, dada su reciente renuncia a su defensa privada.<\/p>\n<p>Algunos sostienen que la reciente renuncia de su defensa privada podr\u00eda ser una estrategia para dilatar el proceso, ya que con la <a href=\"http:\/\/www.dpp.cl\/\">Defensor\u00eda Penal P\u00fablica<\/a> a su defensa, se podr\u00edan solicitar nuevas diligencias y un nuevo aumento de plazo. Jadue y su entorno han denunciado que la causa tendr\u00eda fines pol\u00edticos y buscar\u00eda &#8220;cortar su carrera&#8221;, situaci\u00f3n que han denominado como un &#8220;lawfare&#8221;.<\/p>\n<p>Eduardo Lagos, representante de Best Quality, manifest\u00f3 que ya est\u00e1n agotadas todas las diligencias y que se logr\u00f3 acreditar no solo la comisi\u00f3n de los delitos, sino tambi\u00e9n la participaci\u00f3n activa de Jadue. Lagos espera que el Ministerio P\u00fablico pueda cumplir su compromiso de acusar y llevar a juicio oral al exalcalde.<\/p>\n<p>Esperan que sea condenado y que, por cierto, se pueda reparar de alguna forma el da\u00f1o causado.<\/p>\n","protected":false},"excerpt":{"rendered":"<p>La Fiscal\u00eda Centro Norte est\u00e1 a un paso de presentar una acusaci\u00f3n formal contra Daniel Jadue, exalcalde de Recoleta, por delitos de corrupci\u00f3n relacionados con Achifarp. El caso se ha extendido durante cuatro a\u00f1os, y podr\u00eda inhabilitarlo para futuras candidaturas al Congreso. Recientemente, la fiscal adjunta Bernardita Luebert present\u00f3 una solicitud al Tercer Juzgado de [&hellip;]<\/p>\n","protected":false},"author":2,"featured_media":18268,"comment_status":"closed","ping_status":"open","sticky":false,"template":"","format":"standard","meta":{"_jetpack_memberships_contains_paid_content":false,"jnews-multi-image_gallery":[],"jnews_single_post":[],"jnews_primary_category":[],"jnews_social_meta":[],"jnews_paywall_metabox":[],"jnews_review":[],"enable_review":"","type":"","name":"","summary":"","brand":"","sku":"","good":[],"bad":[],"score_override":"","override_value":"","rating":[],"price":[],"jnews_override_counter":[],"jnews_post_split":[],"footnotes":""},"categories":[21],"tags":[],"class_list":["post-18269","post","type-post","status-publish","format-standard","has-post-thumbnail","hentry","category-nacional"],"jetpack_featured_media_url":"https:\/\/laserenaradio.cl\/web\/wp-content\/uploads\/2025\/07\/homepiaiextractoscrapimg_webpJaduedefensaformaldiligencias_1.webp","jetpack_sharing_enabled":true,"_links":{"self":[{"href":"https:\/\/laserenaradio.cl\/web\/wp-json\/wp\/v2\/posts\/18269","targetHints":{"allow":["GET"]}}],"collection":[{"href":"https:\/\/laserenaradio.cl\/web\/wp-json\/wp\/v2\/posts"}],"about":[{"href":"https:\/\/laserenaradio.cl\/web\/wp-json\/wp\/v2\/types\/post"}],"author":[{"embeddable":true,"href":"https:\/\/laserenaradio.cl\/web\/wp-json\/wp\/v2\/users\/2"}],"replies":[{"embeddable":true,"href":"https:\/\/laserenaradio.cl\/web\/wp-json\/wp\/v2\/comments?post=18269"}],"version-history":[{"count":1,"href":"https:\/\/laserenaradio.cl\/web\/wp-json\/wp\/v2\/posts\/18269\/revisions"}],"predecessor-version":[{"id":18270,"href":"https:\/\/laserenaradio.cl\/web\/wp-json\/wp\/v2\/posts\/18269\/revisions\/18270"}],"wp:featuredmedia":[{"embeddable":true,"href":"https:\/\/laserenaradio.cl\/web\/wp-json\/wp\/v2\/media\/18268"}],"wp:attachment":[{"href":"https:\/\/laserenaradio.cl\/web\/wp-json\/wp\/v2\/media?parent=18269"}],"wp:term":[{"taxonomy":"category","embeddable":true,"href":"https:\/\/laserenaradio.cl\/web\/wp-json\/wp\/v2\/categories?post=18269"},{"taxonomy":"post_tag","embeddable":true,"href":"https:\/\/laserenaradio.cl\/web\/wp-json\/wp\/v2\/tags?post=18269"}],"curies":[{"name":"wp","href":"https:\/\/api.w.org\/{rel}","templated":true}]}}