{"id":18254,"date":"2025-07-29T12:36:34","date_gmt":"2025-07-29T15:36:34","guid":{"rendered":"https:\/\/laserenaradio.cl\/web\/?p=18254"},"modified":"2025-07-29T12:36:34","modified_gmt":"2025-07-29T15:36:34","slug":"el-ministro-de-seguridad-destaca-una-disminucion-en-secuestros-y-homicidios","status":"publish","type":"post","link":"https:\/\/laserenaradio.cl\/web\/2025\/07\/29\/el-ministro-de-seguridad-destaca-una-disminucion-en-secuestros-y-homicidios\/","title":{"rendered":"El ministro de Seguridad destaca una disminuci\u00f3n en secuestros y homicidios."},"content":{"rendered":"<p>El ministro de Seguridad, Luis Cordero, analiz\u00f3 recientemente el informe del Ministerio P\u00fablico sobre secuestros en Chile, resaltando una reducci\u00f3n en los casos validados. Seg\u00fan el estudio, los secuestros denunciados aumentaron un 2,1% entre 2023 y 2024, pasando de 850 a 868. Esta cifra supone la tasa m\u00e1s alta desde 2014. No obstante, tras el incremento del 68% en 2022, Cordero subray\u00f3 que &#8220;lo importante es el n\u00famero de secuestros validados&#8221;. En el primer semestre de 2025, tambi\u00e9n se observa una disminuci\u00f3n en estos casos.<\/p>\n<p>Para el Ejecutivo, esta ca\u00edda refleja la eficacia de la intervenci\u00f3n policial y la persecuci\u00f3n penal. Sin embargo, Cordero advirti\u00f3 sobre el aumento en los secuestros extorsivos, que siguen siendo relevantes para definir pol\u00edticas de seguridad. Los secuestros extorsivos tienen una estructura propia dentro de las organizaciones criminales, lo que requiere un enfoque espec\u00edfico.<\/p>\n<p>Mientras tanto, el informe prev\u00e9 una disminuci\u00f3n adicional en los homicidios durante el primer semestre del 2025. Seg\u00fan Cordero, &#8220;el descenso en secuestros y homicidios en este per\u00edodo es significativo&#8221;.<\/p>\n","protected":false},"excerpt":{"rendered":"<p>El ministro de Seguridad, Luis Cordero, analiz\u00f3 recientemente el informe del Ministerio P\u00fablico sobre secuestros en Chile, resaltando una reducci\u00f3n en los casos validados. Seg\u00fan el estudio, los secuestros denunciados aumentaron un 2,1% entre 2023 y 2024, pasando de 850 a 868. Esta cifra supone la tasa m\u00e1s alta desde 2014. No obstante, tras el [&hellip;]<\/p>\n","protected":false},"author":2,"featured_media":18253,"comment_status":"closed","ping_status":"open","sticky":false,"template":"","format":"standard","meta":{"_jetpack_memberships_contains_paid_content":false,"jnews-multi-image_gallery":[],"jnews_single_post":[],"jnews_primary_category":[],"jnews_social_meta":[],"jnews_paywall_metabox":[],"jnews_review":[],"enable_review":"","type":"","name":"","summary":"","brand":"","sku":"","good":[],"bad":[],"score_override":"","override_value":"","rating":[],"price":[],"jnews_override_counter":[],"jnews_post_split":[],"footnotes":""},"categories":[21],"tags":[],"class_list":["post-18254","post","type-post","status-publish","format-standard","has-post-thumbnail","hentry","category-nacional"],"jetpack_featured_media_url":"https:\/\/laserenaradio.cl\/web\/wp-content\/uploads\/2025\/07\/homepiaiextractoscrapimg_webpCorderohomicidiosministro_0.webp","jetpack_sharing_enabled":true,"_links":{"self":[{"href":"https:\/\/laserenaradio.cl\/web\/wp-json\/wp\/v2\/posts\/18254","targetHints":{"allow":["GET"]}}],"collection":[{"href":"https:\/\/laserenaradio.cl\/web\/wp-json\/wp\/v2\/posts"}],"about":[{"href":"https:\/\/laserenaradio.cl\/web\/wp-json\/wp\/v2\/types\/post"}],"author":[{"embeddable":true,"href":"https:\/\/laserenaradio.cl\/web\/wp-json\/wp\/v2\/users\/2"}],"replies":[{"embeddable":true,"href":"https:\/\/laserenaradio.cl\/web\/wp-json\/wp\/v2\/comments?post=18254"}],"version-history":[{"count":1,"href":"https:\/\/laserenaradio.cl\/web\/wp-json\/wp\/v2\/posts\/18254\/revisions"}],"predecessor-version":[{"id":18255,"href":"https:\/\/laserenaradio.cl\/web\/wp-json\/wp\/v2\/posts\/18254\/revisions\/18255"}],"wp:featuredmedia":[{"embeddable":true,"href":"https:\/\/laserenaradio.cl\/web\/wp-json\/wp\/v2\/media\/18253"}],"wp:attachment":[{"href":"https:\/\/laserenaradio.cl\/web\/wp-json\/wp\/v2\/media?parent=18254"}],"wp:term":[{"taxonomy":"category","embeddable":true,"href":"https:\/\/laserenaradio.cl\/web\/wp-json\/wp\/v2\/categories?post=18254"},{"taxonomy":"post_tag","embeddable":true,"href":"https:\/\/laserenaradio.cl\/web\/wp-json\/wp\/v2\/tags?post=18254"}],"curies":[{"name":"wp","href":"https:\/\/api.w.org\/{rel}","templated":true}]}}