{"id":18233,"date":"2025-07-28T19:13:37","date_gmt":"2025-07-28T22:13:37","guid":{"rendered":"https:\/\/laserenaradio.cl\/web\/?p=18233"},"modified":"2025-07-28T19:13:37","modified_gmt":"2025-07-28T22:13:37","slug":"imputado-acusado-de-robar-y-violar-a-escolar-en-la-calera-queda-en-prision-preventiva","status":"publish","type":"post","link":"https:\/\/laserenaradio.cl\/web\/2025\/07\/28\/imputado-acusado-de-robar-y-violar-a-escolar-en-la-calera-queda-en-prision-preventiva\/","title":{"rendered":"Imputado acusado de robar y violar a escolar en La Calera queda en prisi\u00f3n preventiva."},"content":{"rendered":"<p>Con la medida cautelar de prisi\u00f3n preventiva qued\u00f3 un sujeto acusado de robar y violar en la v\u00eda p\u00fablica a una escolar en La Calera, Valpara\u00edso. Este hecho ocurri\u00f3 el 18 de julio, cuando la v\u00edctima \u2014menor de edad\u2014 se dirig\u00eda al colegio.<\/p>\n<p>Este caso fue investigado por la Brigada Investigadora de Delitos Sexuales (Brisexme) de la Polic\u00eda de Investigaciones (<a href=\"https:\/\/www.pdichile.cl\/\">PDI<\/a>), logrando identificar y detener al imputado en su domicilio. La audiencia de control de detenci\u00f3n se llev\u00f3 a cabo el s\u00e1bado, pero el tribunal autoriz\u00f3 ampliar el arresto hasta este lunes debido a las diligencias pendientes.<\/p>\n<p>Esta jornada fue formalizado por los delitos de robo con violaci\u00f3n, abuso sexual y quebrantamiento de condena. La corroboraci\u00f3n de condenas anteriores por hechos similares en la regi\u00f3n, justificaron esta medida.<\/p>\n<p>El fiscal de La Calera, Juan de la Fuente, explic\u00f3 que en la audiencia se solicit\u00f3 la prisi\u00f3n preventiva del imputado al considerar que &#8220;es un peligro para la seguridad de la sociedad&#8221;, lo cual fue acogido por el tribunal. Se fij\u00f3 un plazo de 120 d\u00edas para la investigaci\u00f3n.<\/p>\n","protected":false},"excerpt":{"rendered":"<p>Con la medida cautelar de prisi\u00f3n preventiva qued\u00f3 un sujeto acusado de robar y violar en la v\u00eda p\u00fablica a una escolar en La Calera, Valpara\u00edso. Este hecho ocurri\u00f3 el 18 de julio, cuando la v\u00edctima \u2014menor de edad\u2014 se dirig\u00eda al colegio. Este caso fue investigado por la Brigada Investigadora de Delitos Sexuales (Brisexme) [&hellip;]<\/p>\n","protected":false},"author":2,"featured_media":18232,"comment_status":"closed","ping_status":"open","sticky":false,"template":"","format":"standard","meta":{"_jetpack_memberships_contains_paid_content":false,"jnews-multi-image_gallery":[],"jnews_single_post":[],"jnews_primary_category":[],"jnews_social_meta":[],"jnews_paywall_metabox":[],"jnews_review":[],"enable_review":"","type":"","name":"","summary":"","brand":"","sku":"","good":[],"bad":[],"score_override":"","override_value":"","rating":[],"price":[],"jnews_override_counter":[],"jnews_post_split":[],"footnotes":""},"categories":[21],"tags":[],"class_list":["post-18233","post","type-post","status-publish","format-standard","has-post-thumbnail","hentry","category-nacional"],"jetpack_featured_media_url":"https:\/\/laserenaradio.cl\/web\/wp-content\/uploads\/2025\/07\/homepiaiextractoscrapimg_predeterminadalaserenaradio_nacional-33.webp","jetpack_sharing_enabled":true,"_links":{"self":[{"href":"https:\/\/laserenaradio.cl\/web\/wp-json\/wp\/v2\/posts\/18233","targetHints":{"allow":["GET"]}}],"collection":[{"href":"https:\/\/laserenaradio.cl\/web\/wp-json\/wp\/v2\/posts"}],"about":[{"href":"https:\/\/laserenaradio.cl\/web\/wp-json\/wp\/v2\/types\/post"}],"author":[{"embeddable":true,"href":"https:\/\/laserenaradio.cl\/web\/wp-json\/wp\/v2\/users\/2"}],"replies":[{"embeddable":true,"href":"https:\/\/laserenaradio.cl\/web\/wp-json\/wp\/v2\/comments?post=18233"}],"version-history":[{"count":1,"href":"https:\/\/laserenaradio.cl\/web\/wp-json\/wp\/v2\/posts\/18233\/revisions"}],"predecessor-version":[{"id":18234,"href":"https:\/\/laserenaradio.cl\/web\/wp-json\/wp\/v2\/posts\/18233\/revisions\/18234"}],"wp:featuredmedia":[{"embeddable":true,"href":"https:\/\/laserenaradio.cl\/web\/wp-json\/wp\/v2\/media\/18232"}],"wp:attachment":[{"href":"https:\/\/laserenaradio.cl\/web\/wp-json\/wp\/v2\/media?parent=18233"}],"wp:term":[{"taxonomy":"category","embeddable":true,"href":"https:\/\/laserenaradio.cl\/web\/wp-json\/wp\/v2\/categories?post=18233"},{"taxonomy":"post_tag","embeddable":true,"href":"https:\/\/laserenaradio.cl\/web\/wp-json\/wp\/v2\/tags?post=18233"}],"curies":[{"name":"wp","href":"https:\/\/api.w.org\/{rel}","templated":true}]}}