{"id":18230,"date":"2025-07-28T19:11:19","date_gmt":"2025-07-28T22:11:19","guid":{"rendered":"https:\/\/laserenaradio.cl\/web\/?p=18230"},"modified":"2025-07-28T19:11:19","modified_gmt":"2025-07-28T22:11:19","slug":"profesora-encerro-a-un-nino-dentro-de-una-caja-en-los-lagos","status":"publish","type":"post","link":"https:\/\/laserenaradio.cl\/web\/2025\/07\/28\/profesora-encerro-a-un-nino-dentro-de-una-caja-en-los-lagos\/","title":{"rendered":"Profesora encerr\u00f3 a un ni\u00f1o dentro de una caja en Los Lagos."},"content":{"rendered":"<p>La familia de un ni\u00f1o de cinco a\u00f1os denunci\u00f3 violencia en una escuela ubicada en Los Lagos, regi\u00f3n de Los R\u00edos. Seg\u00fan relata Joselyn Diocares, t\u00eda del ni\u00f1o, una educadora encerr\u00f3 al estudiante dentro de una caja y se sent\u00f3 sobre ella durante la jornada escolar.<\/p>\n<p>Los hechos habr\u00edan ocurrido la semana pasada en la Escuela Francia. La familia se enter\u00f3 tras comentarios realizados por otros apoderados, quienes notaron que los hijos de ellos tambi\u00e9n hab\u00edan sido testigos del episodio.<\/p>\n<p>Justificaci\u00f3n para esta acci\u00f3n, seg\u00fan Jocelyn, fue que el ni\u00f1o se hab\u00eda portado mal y necesitaba ser reprimendado. Sin embargo, la abuela del ni\u00f1o prefiri\u00f3 no dialogar con la educadora y opt\u00f3 por acudir a la Oficina Local de la Ni\u00f1ez en Los Lagos.<\/p>\n<p><a href=\"https:\/\/www.fiscaliadechile.cl\/\">Fiscal\u00eda<\/a> confirm\u00f3 la presentaci\u00f3n de la denuncia por parte de los profesionales de esa oficina ante <a href=\"https:\/\/www.carabineros.cl\/\">Carabineros<\/a>. Actualmente, el caso se encuentra en conocimiento de la <a href=\"https:\/\/www.fiscaliadechile.cl\/\">Fiscal\u00eda<\/a> Local de Los Lagos y se est\u00e1n llevando a cabo las correspondientes diligencias.<\/p>\n<p>Servicio Local de Educaci\u00f3n P\u00fablica, como sostenedor de la Escuela Francia, ha comprometido una respuesta durante la tarde. Asimismo, el director de la escuela fue contactado, pero no pudo proporcionar un pronunciamiento hasta el cierre de esta nota.<\/p>\n<p>Finalmente, la familia del menor asegura que otros apoderados tambi\u00e9n han sido informados sobre supuestos casos de maltrato por parte de la educadora involucrada.<\/p>\n","protected":false},"excerpt":{"rendered":"<p>La familia de un ni\u00f1o de cinco a\u00f1os denunci\u00f3 violencia en una escuela ubicada en Los Lagos, regi\u00f3n de Los R\u00edos. Seg\u00fan relata Joselyn Diocares, t\u00eda del ni\u00f1o, una educadora encerr\u00f3 al estudiante dentro de una caja y se sent\u00f3 sobre ella durante la jornada escolar. Los hechos habr\u00edan ocurrido la semana pasada en la [&hellip;]<\/p>\n","protected":false},"author":2,"featured_media":18229,"comment_status":"closed","ping_status":"open","sticky":false,"template":"","format":"standard","meta":{"_jetpack_memberships_contains_paid_content":false,"jnews-multi-image_gallery":[],"jnews_single_post":[],"jnews_primary_category":[],"jnews_social_meta":[],"jnews_paywall_metabox":[],"jnews_review":[],"enable_review":"","type":"","name":"","summary":"","brand":"","sku":"","good":[],"bad":[],"score_override":"","override_value":"","rating":[],"price":[],"jnews_override_counter":[],"jnews_post_split":[],"footnotes":""},"categories":[21],"tags":[],"class_list":["post-18230","post","type-post","status-publish","format-standard","has-post-thumbnail","hentry","category-nacional"],"jetpack_featured_media_url":"https:\/\/laserenaradio.cl\/web\/wp-content\/uploads\/2025\/07\/homepiaiextractoscrapimg_webpProfesoraLagos_0.webp","jetpack_sharing_enabled":true,"_links":{"self":[{"href":"https:\/\/laserenaradio.cl\/web\/wp-json\/wp\/v2\/posts\/18230","targetHints":{"allow":["GET"]}}],"collection":[{"href":"https:\/\/laserenaradio.cl\/web\/wp-json\/wp\/v2\/posts"}],"about":[{"href":"https:\/\/laserenaradio.cl\/web\/wp-json\/wp\/v2\/types\/post"}],"author":[{"embeddable":true,"href":"https:\/\/laserenaradio.cl\/web\/wp-json\/wp\/v2\/users\/2"}],"replies":[{"embeddable":true,"href":"https:\/\/laserenaradio.cl\/web\/wp-json\/wp\/v2\/comments?post=18230"}],"version-history":[{"count":1,"href":"https:\/\/laserenaradio.cl\/web\/wp-json\/wp\/v2\/posts\/18230\/revisions"}],"predecessor-version":[{"id":18231,"href":"https:\/\/laserenaradio.cl\/web\/wp-json\/wp\/v2\/posts\/18230\/revisions\/18231"}],"wp:featuredmedia":[{"embeddable":true,"href":"https:\/\/laserenaradio.cl\/web\/wp-json\/wp\/v2\/media\/18229"}],"wp:attachment":[{"href":"https:\/\/laserenaradio.cl\/web\/wp-json\/wp\/v2\/media?parent=18230"}],"wp:term":[{"taxonomy":"category","embeddable":true,"href":"https:\/\/laserenaradio.cl\/web\/wp-json\/wp\/v2\/categories?post=18230"},{"taxonomy":"post_tag","embeddable":true,"href":"https:\/\/laserenaradio.cl\/web\/wp-json\/wp\/v2\/tags?post=18230"}],"curies":[{"name":"wp","href":"https:\/\/api.w.org\/{rel}","templated":true}]}}