{"id":18224,"date":"2025-07-28T18:07:42","date_gmt":"2025-07-28T21:07:42","guid":{"rendered":"https:\/\/laserenaradio.cl\/web\/?p=18224"},"modified":"2025-07-28T18:07:42","modified_gmt":"2025-07-28T21:07:42","slug":"banco-central-podria-bajar-tasa-de-politica-monetaria-25-puntos-base","status":"publish","type":"post","link":"https:\/\/laserenaradio.cl\/web\/2025\/07\/28\/banco-central-podria-bajar-tasa-de-politica-monetaria-25-puntos-base\/","title":{"rendered":"Banco Central podr\u00eda bajar tasa de pol\u00edtica monetaria 25 puntos base"},"content":{"rendered":"<p>El Grupo de Pol\u00edtica Monetaria (GPM) recomend\u00f3 recortar la tasa de pol\u00edtica monetaria (TPM) en 25 puntos base, lo que dejar\u00eda la TPM en un 4,75%. Este ajuste se justifica por disminuci\u00f3n de riesgos geopol\u00edticos, como el acuerdo de cese al fuego entre Ir\u00e1n e Israel. Sin embargo, persisten tensiones comerciales derivadas de las pol\u00edticas arancelarias del presidente Donald Trump.<\/p>\n<p>Los equipos t\u00e9cnicos de la Subsecretar\u00eda de Relaciones Econ\u00f3micas Internacionales (SUBREI) y del <a href=\"https:\/\/www.hacienda.cl\/\">Ministerio de Hacienda<\/a> se preparan para la segunda ronda de conversaciones con representantes estadounidenses en Washington DC. Se discutir\u00e1n aspectos relacionados con posibles aranceles al cobre, aunque el Gobierno chileno conf\u00eda en que lograr\u00e1n acuerdos comerciales similares a los alcanzados por otros pa\u00edses y la Uni\u00f3n Europea.<\/p>\n<p>Mientras tanto, el ministro de Hacienda, Mario Marcel, confirm\u00f3 que Chile buscar\u00e1 una excepci\u00f3n o tasa arancelaria lo m\u00e1s baja posible para mitigar los impactos en la econom\u00eda. Andrea Tokman, economista jefe de Qui\u00f1enco, sugiri\u00f3 mantener cautela en decisiones monetarias hasta que no se vean efectos reales. Kevin Cowan, miembro del GPM y economista de la Universidad Adolfo Ib\u00e1\u00f1ez, indic\u00f3 que los recortes de tasas probablemente ser\u00e1n postergados por al menos un per\u00edodo en Estados Unidos.<\/p>\n<p>En el contexto local, el consumo sigue estancado y refleja la inestabilidad laboral. La actividad no minera permanece d\u00e9bil, aunque la inflaci\u00f3n ha bajado m\u00e1s del esperado. Los expertos advierten que es prematuro concluir sobre la evoluci\u00f3n de la econom\u00eda chilena.<\/p>\n","protected":false},"excerpt":{"rendered":"<p>El Grupo de Pol\u00edtica Monetaria (GPM) recomend\u00f3 recortar la tasa de pol\u00edtica monetaria (TPM) en 25 puntos base, lo que dejar\u00eda la TPM en un 4,75%. Este ajuste se justifica por disminuci\u00f3n de riesgos geopol\u00edticos, como el acuerdo de cese al fuego entre Ir\u00e1n e Israel. Sin embargo, persisten tensiones comerciales derivadas de las pol\u00edticas [&hellip;]<\/p>\n","protected":false},"author":2,"featured_media":18223,"comment_status":"closed","ping_status":"open","sticky":false,"template":"","format":"standard","meta":{"_jetpack_memberships_contains_paid_content":false,"jnews-multi-image_gallery":[],"jnews_single_post":[],"jnews_primary_category":[],"jnews_social_meta":[],"jnews_paywall_metabox":[],"jnews_review":[],"enable_review":"","type":"","name":"","summary":"","brand":"","sku":"","good":[],"bad":[],"score_override":"","override_value":"","rating":[],"price":[],"jnews_override_counter":[],"jnews_post_split":[],"footnotes":""},"categories":[85],"tags":[],"class_list":["post-18224","post","type-post","status-publish","format-standard","has-post-thumbnail","hentry","category-economia"],"jetpack_featured_media_url":"https:\/\/laserenaradio.cl\/web\/wp-content\/uploads\/2025\/07\/homepiaiextractoscrapimg_webptasamonetariapuntosbase_0.webp","jetpack_sharing_enabled":true,"_links":{"self":[{"href":"https:\/\/laserenaradio.cl\/web\/wp-json\/wp\/v2\/posts\/18224","targetHints":{"allow":["GET"]}}],"collection":[{"href":"https:\/\/laserenaradio.cl\/web\/wp-json\/wp\/v2\/posts"}],"about":[{"href":"https:\/\/laserenaradio.cl\/web\/wp-json\/wp\/v2\/types\/post"}],"author":[{"embeddable":true,"href":"https:\/\/laserenaradio.cl\/web\/wp-json\/wp\/v2\/users\/2"}],"replies":[{"embeddable":true,"href":"https:\/\/laserenaradio.cl\/web\/wp-json\/wp\/v2\/comments?post=18224"}],"version-history":[{"count":1,"href":"https:\/\/laserenaradio.cl\/web\/wp-json\/wp\/v2\/posts\/18224\/revisions"}],"predecessor-version":[{"id":18225,"href":"https:\/\/laserenaradio.cl\/web\/wp-json\/wp\/v2\/posts\/18224\/revisions\/18225"}],"wp:featuredmedia":[{"embeddable":true,"href":"https:\/\/laserenaradio.cl\/web\/wp-json\/wp\/v2\/media\/18223"}],"wp:attachment":[{"href":"https:\/\/laserenaradio.cl\/web\/wp-json\/wp\/v2\/media?parent=18224"}],"wp:term":[{"taxonomy":"category","embeddable":true,"href":"https:\/\/laserenaradio.cl\/web\/wp-json\/wp\/v2\/categories?post=18224"},{"taxonomy":"post_tag","embeddable":true,"href":"https:\/\/laserenaradio.cl\/web\/wp-json\/wp\/v2\/tags?post=18224"}],"curies":[{"name":"wp","href":"https:\/\/api.w.org\/{rel}","templated":true}]}}