{"id":18221,"date":"2025-07-28T18:05:08","date_gmt":"2025-07-28T21:05:08","guid":{"rendered":"https:\/\/laserenaradio.cl\/web\/?p=18221"},"modified":"2025-07-28T18:05:08","modified_gmt":"2025-07-28T21:05:08","slug":"condena-por-abuso-sexual-infantil","status":"publish","type":"post","link":"https:\/\/laserenaradio.cl\/web\/2025\/07\/28\/condena-por-abuso-sexual-infantil\/","title":{"rendered":"Condena por abuso sexual infantil."},"content":{"rendered":"<p>El Tribunal de Juicio Oral en lo Penal conden\u00f3 a un hombre de 47 a\u00f1os por abusar sexualmente de la hija de su conviviente, menor de 14 a\u00f1os. El Ministerio P\u00fablico pide una pena de 5 a\u00f1os y un d\u00eda de presidio.<\/p>\n<p>Seg\u00fan el fiscal subrogante Eduardo D\u00edaz, los hechos ocurrieron entre 2014 y 2017 en las zonas rurales de Coihueco y Anhuaraque, regi\u00f3n de Los R\u00edos. El abuso era recurrente durante ese per\u00edodo.<\/p>\n<p>Este juicio tuvo que ser reabierto con nuevos jueces debido a un recurso de nulidad presentado por la defensa ante la Corte de Apelaciones de Valdivia. Sin embargo, el fallo final mantuvo la condena para el hombre.<\/p>\n<p>El fiscal adelant\u00f3 que el Ministerio P\u00fablico solicita 5 a\u00f1os y un d\u00eda de c\u00e1rcel para este caso. La lectura de sentencia est\u00e1 programada para el pr\u00f3ximo 4 de agosto.<\/p>\n<p>Recordamos a las v\u00edctimas o testigos de violencia de g\u00e9nero que pueden llamar al 1455 del Sernameg para recibir orientaci\u00f3n o denunciar los hechos al 149 de <a href=\"https:\/\/www.carabineros.cl\/\">Carabineros<\/a>.<\/p>\n","protected":false},"excerpt":{"rendered":"<p>El Tribunal de Juicio Oral en lo Penal conden\u00f3 a un hombre de 47 a\u00f1os por abusar sexualmente de la hija de su conviviente, menor de 14 a\u00f1os. El Ministerio P\u00fablico pide una pena de 5 a\u00f1os y un d\u00eda de presidio. Seg\u00fan el fiscal subrogante Eduardo D\u00edaz, los hechos ocurrieron entre 2014 y 2017 [&hellip;]<\/p>\n","protected":false},"author":2,"featured_media":18220,"comment_status":"closed","ping_status":"open","sticky":false,"template":"","format":"standard","meta":{"_jetpack_memberships_contains_paid_content":false,"jnews-multi-image_gallery":[],"jnews_single_post":[],"jnews_primary_category":[],"jnews_social_meta":[],"jnews_paywall_metabox":[],"jnews_review":[],"enable_review":"","type":"","name":"","summary":"","brand":"","sku":"","good":[],"bad":[],"score_override":"","override_value":"","rating":[],"price":[],"jnews_override_counter":[],"jnews_post_split":[],"footnotes":""},"categories":[21],"tags":[],"class_list":["post-18221","post","type-post","status-publish","format-standard","has-post-thumbnail","hentry","category-nacional"],"jetpack_featured_media_url":"https:\/\/laserenaradio.cl\/web\/wp-content\/uploads\/2025\/07\/homepiaiextractoscrapimg_webpfiscalhechosabuso_0.webp","jetpack_sharing_enabled":true,"_links":{"self":[{"href":"https:\/\/laserenaradio.cl\/web\/wp-json\/wp\/v2\/posts\/18221","targetHints":{"allow":["GET"]}}],"collection":[{"href":"https:\/\/laserenaradio.cl\/web\/wp-json\/wp\/v2\/posts"}],"about":[{"href":"https:\/\/laserenaradio.cl\/web\/wp-json\/wp\/v2\/types\/post"}],"author":[{"embeddable":true,"href":"https:\/\/laserenaradio.cl\/web\/wp-json\/wp\/v2\/users\/2"}],"replies":[{"embeddable":true,"href":"https:\/\/laserenaradio.cl\/web\/wp-json\/wp\/v2\/comments?post=18221"}],"version-history":[{"count":1,"href":"https:\/\/laserenaradio.cl\/web\/wp-json\/wp\/v2\/posts\/18221\/revisions"}],"predecessor-version":[{"id":18222,"href":"https:\/\/laserenaradio.cl\/web\/wp-json\/wp\/v2\/posts\/18221\/revisions\/18222"}],"wp:featuredmedia":[{"embeddable":true,"href":"https:\/\/laserenaradio.cl\/web\/wp-json\/wp\/v2\/media\/18220"}],"wp:attachment":[{"href":"https:\/\/laserenaradio.cl\/web\/wp-json\/wp\/v2\/media?parent=18221"}],"wp:term":[{"taxonomy":"category","embeddable":true,"href":"https:\/\/laserenaradio.cl\/web\/wp-json\/wp\/v2\/categories?post=18221"},{"taxonomy":"post_tag","embeddable":true,"href":"https:\/\/laserenaradio.cl\/web\/wp-json\/wp\/v2\/tags?post=18221"}],"curies":[{"name":"wp","href":"https:\/\/api.w.org\/{rel}","templated":true}]}}