{"id":18200,"date":"2025-07-28T09:18:24","date_gmt":"2025-07-28T12:18:24","guid":{"rendered":"https:\/\/laserenaradio.cl\/web\/?p=18200"},"modified":"2025-07-28T09:18:24","modified_gmt":"2025-07-28T12:18:24","slug":"vehiculo-baleado-en-recoleta-con-tres-heridos","status":"publish","type":"post","link":"https:\/\/laserenaradio.cl\/web\/2025\/07\/28\/vehiculo-baleado-en-recoleta-con-tres-heridos\/","title":{"rendered":"Veh\u00edculo baleado en Recoleta con tres heridos."},"content":{"rendered":"<p>Alrededor de las 4:00 de la madrugada de este lunes, personal de <a href=\"https:\/\/www.carabineros.cl\/\">Carabineros<\/a> resguardaba un sitio en Recoleta, donde se encontr\u00f3 a un hombre asesinado dentro de un auto. <\/p>\n<p>El pasaje H\u00e9roe Juan Salas Rojas con la caletera de Vespucio Norte fue el escenario del suceso. Uniformados estaban en dichas funciones cuando por el lugar pas\u00f3 un veh\u00edculo con varios impactos bal\u00edsticos en su carrocer\u00eda.<\/p>\n<p>Al fiscalizarlo, encontraron a tres personas: un adulto de 20 a\u00f1os y un adolescente de 16 baleados, m\u00e1s otro menor de 13 a\u00f1os, sin lesiones. <\/p>\n<p>El adolescente de 16 a\u00f1os fue llevado a la Cl\u00ednica Indisa, donde actualmente se encuentra en riesgo vital, mientras que el adulto fue trasladado a otro centro asistencial.<\/p>\n<p>Seg\u00fan declararon las v\u00edctimas, un individuo dispar\u00f3 contra el auto, pero se negaron a realizar la denuncia y no quisieron revelar los motivos del ataque. <\/p>\n<p><a href=\"https:\/\/www.carabineros.cl\/\">Carabineros<\/a> realiz\u00f3 la denuncia de oficio a la <a href=\"https:\/\/www.fiscaliadechile.cl\/\">Fiscal\u00eda<\/a> Centro Norte, que dispuso el trabajo del OS9.<\/p>\n","protected":false},"excerpt":{"rendered":"<p>Alrededor de las 4:00 de la madrugada de este lunes, personal de Carabineros resguardaba un sitio en Recoleta, donde se encontr\u00f3 a un hombre asesinado dentro de un auto. El pasaje H\u00e9roe Juan Salas Rojas con la caletera de Vespucio Norte fue el escenario del suceso. Uniformados estaban en dichas funciones cuando por el lugar [&hellip;]<\/p>\n","protected":false},"author":2,"featured_media":18199,"comment_status":"closed","ping_status":"open","sticky":false,"template":"","format":"standard","meta":{"_jetpack_memberships_contains_paid_content":false,"jnews-multi-image_gallery":[],"jnews_single_post":[],"jnews_primary_category":[],"jnews_social_meta":[],"jnews_paywall_metabox":[],"jnews_review":[],"enable_review":"","type":"","name":"","summary":"","brand":"","sku":"","good":[],"bad":[],"score_override":"","override_value":"","rating":[],"price":[],"jnews_override_counter":[],"jnews_post_split":[],"footnotes":""},"categories":[21],"tags":[],"class_list":["post-18200","post","type-post","status-publish","format-standard","has-post-thumbnail","hentry","category-nacional"],"jetpack_featured_media_url":"https:\/\/laserenaradio.cl\/web\/wp-content\/uploads\/2025\/07\/homepiaiextractoscrapimg_predeterminadalaserenaradio_nacional-32.webp","jetpack_sharing_enabled":true,"_links":{"self":[{"href":"https:\/\/laserenaradio.cl\/web\/wp-json\/wp\/v2\/posts\/18200","targetHints":{"allow":["GET"]}}],"collection":[{"href":"https:\/\/laserenaradio.cl\/web\/wp-json\/wp\/v2\/posts"}],"about":[{"href":"https:\/\/laserenaradio.cl\/web\/wp-json\/wp\/v2\/types\/post"}],"author":[{"embeddable":true,"href":"https:\/\/laserenaradio.cl\/web\/wp-json\/wp\/v2\/users\/2"}],"replies":[{"embeddable":true,"href":"https:\/\/laserenaradio.cl\/web\/wp-json\/wp\/v2\/comments?post=18200"}],"version-history":[{"count":1,"href":"https:\/\/laserenaradio.cl\/web\/wp-json\/wp\/v2\/posts\/18200\/revisions"}],"predecessor-version":[{"id":18201,"href":"https:\/\/laserenaradio.cl\/web\/wp-json\/wp\/v2\/posts\/18200\/revisions\/18201"}],"wp:featuredmedia":[{"embeddable":true,"href":"https:\/\/laserenaradio.cl\/web\/wp-json\/wp\/v2\/media\/18199"}],"wp:attachment":[{"href":"https:\/\/laserenaradio.cl\/web\/wp-json\/wp\/v2\/media?parent=18200"}],"wp:term":[{"taxonomy":"category","embeddable":true,"href":"https:\/\/laserenaradio.cl\/web\/wp-json\/wp\/v2\/categories?post=18200"},{"taxonomy":"post_tag","embeddable":true,"href":"https:\/\/laserenaradio.cl\/web\/wp-json\/wp\/v2\/tags?post=18200"}],"curies":[{"name":"wp","href":"https:\/\/api.w.org\/{rel}","templated":true}]}}