{"id":18197,"date":"2025-07-28T09:05:48","date_gmt":"2025-07-28T12:05:48","guid":{"rendered":"https:\/\/laserenaradio.cl\/web\/?p=18197"},"modified":"2025-07-28T09:05:48","modified_gmt":"2025-07-28T12:05:48","slug":"cinco-personas-detenidas-por-una-red-de-asesinatos-por-encargo-en-chile","status":"publish","type":"post","link":"https:\/\/laserenaradio.cl\/web\/2025\/07\/28\/cinco-personas-detenidas-por-una-red-de-asesinatos-por-encargo-en-chile\/","title":{"rendered":"Cinco personas detenidas por una red de asesinatos por encargo en Chile."},"content":{"rendered":"<p>En prisi\u00f3n preventiva quedaron los imputados de una red criminal dedicada a asesinatos por encargo en Gran Concepci\u00f3n. La <a href=\"https:\/\/www.fiscaliadechile.cl\/\">Fiscal\u00eda<\/a> formaliz\u00f3 cargos que van desde homicidio hasta tr\u00e1fico de drogas y armas.<\/p>\n<p>Los dos extranjeros, miembros del grupo criminal, fueron identificados como sicarios a quienes chilenos contrataban para cometer cr\u00edmenes.<\/p>\n<p>En una extensa audiencia que dur\u00f3 m\u00e1s de cuatro horas, el Ministerio P\u00fablico formul\u00f3 cargos anticipados en una investigaci\u00f3n que origin\u00f3 cuatro detenciones: dos chilenos y dos ecuatorianos. Posteriormente, se sum\u00f3 un quinto individuo, tambi\u00e9n chileno, quien ya se encontraba privado de libertad.<\/p>\n<p>Entre los cr\u00edmenes atribuidos a esta peligrosa red est\u00e1 el asesinato ocurrido el 1 de junio en un local nocturno, as\u00ed como dos intentos frustrados el 18 y 19 de julio en Palomares.<\/p>\n<p>El fiscal Mario Elgueta revel\u00f3 que los chilenos encargaban los asesinatos mientras los ecuatorianos los ejecutaban.<\/p>\n<p>La operaci\u00f3n policial que desmantel\u00f3 la asociaci\u00f3n criminal se llev\u00f3 a cabo en Santiago y Concepci\u00f3n. Se realizaron detenciones en B\u00edo B\u00edo y San Miguel, adem\u00e1s del allanamiento de varios inmuebles, lo que result\u00f3 en el decomiso de drogas y armas de fuego.<\/p>\n","protected":false},"excerpt":{"rendered":"<p>En prisi\u00f3n preventiva quedaron los imputados de una red criminal dedicada a asesinatos por encargo en Gran Concepci\u00f3n. La Fiscal\u00eda formaliz\u00f3 cargos que van desde homicidio hasta tr\u00e1fico de drogas y armas. Los dos extranjeros, miembros del grupo criminal, fueron identificados como sicarios a quienes chilenos contrataban para cometer cr\u00edmenes. En una extensa audiencia que [&hellip;]<\/p>\n","protected":false},"author":2,"featured_media":18196,"comment_status":"closed","ping_status":"open","sticky":false,"template":"","format":"standard","meta":{"_jetpack_memberships_contains_paid_content":false,"jnews-multi-image_gallery":[],"jnews_single_post":[],"jnews_primary_category":[],"jnews_social_meta":[],"jnews_paywall_metabox":[],"jnews_review":[],"enable_review":"","type":"","name":"","summary":"","brand":"","sku":"","good":[],"bad":[],"score_override":"","override_value":"","rating":[],"price":[],"jnews_override_counter":[],"jnews_post_split":[],"footnotes":""},"categories":[21],"tags":[],"class_list":["post-18197","post","type-post","status-publish","format-standard","has-post-thumbnail","hentry","category-nacional"],"jetpack_featured_media_url":"https:\/\/laserenaradio.cl\/web\/wp-content\/uploads\/2025\/07\/homepiaiextractoscrapimg_predeterminadalaserenaradio_nacional-31.webp","jetpack_sharing_enabled":true,"_links":{"self":[{"href":"https:\/\/laserenaradio.cl\/web\/wp-json\/wp\/v2\/posts\/18197","targetHints":{"allow":["GET"]}}],"collection":[{"href":"https:\/\/laserenaradio.cl\/web\/wp-json\/wp\/v2\/posts"}],"about":[{"href":"https:\/\/laserenaradio.cl\/web\/wp-json\/wp\/v2\/types\/post"}],"author":[{"embeddable":true,"href":"https:\/\/laserenaradio.cl\/web\/wp-json\/wp\/v2\/users\/2"}],"replies":[{"embeddable":true,"href":"https:\/\/laserenaradio.cl\/web\/wp-json\/wp\/v2\/comments?post=18197"}],"version-history":[{"count":1,"href":"https:\/\/laserenaradio.cl\/web\/wp-json\/wp\/v2\/posts\/18197\/revisions"}],"predecessor-version":[{"id":18198,"href":"https:\/\/laserenaradio.cl\/web\/wp-json\/wp\/v2\/posts\/18197\/revisions\/18198"}],"wp:featuredmedia":[{"embeddable":true,"href":"https:\/\/laserenaradio.cl\/web\/wp-json\/wp\/v2\/media\/18196"}],"wp:attachment":[{"href":"https:\/\/laserenaradio.cl\/web\/wp-json\/wp\/v2\/media?parent=18197"}],"wp:term":[{"taxonomy":"category","embeddable":true,"href":"https:\/\/laserenaradio.cl\/web\/wp-json\/wp\/v2\/categories?post=18197"},{"taxonomy":"post_tag","embeddable":true,"href":"https:\/\/laserenaradio.cl\/web\/wp-json\/wp\/v2\/tags?post=18197"}],"curies":[{"name":"wp","href":"https:\/\/api.w.org\/{rel}","templated":true}]}}