{"id":18190,"date":"2025-07-27T14:37:45","date_gmt":"2025-07-27T17:37:45","guid":{"rendered":"https:\/\/laserenaradio.cl\/web\/?p=18190"},"modified":"2025-07-27T14:37:45","modified_gmt":"2025-07-27T17:37:45","slug":"balacera-en-la-pintana-un-joven-murio-y-una-mujer-resulto-herida","status":"publish","type":"post","link":"https:\/\/laserenaradio.cl\/web\/2025\/07\/27\/balacera-en-la-pintana-un-joven-murio-y-una-mujer-resulto-herida\/","title":{"rendered":"Balacera en La Pintana, un joven muri\u00f3 y una mujer result\u00f3 herida."},"content":{"rendered":"<p>Un joven de 18 a\u00f1os muri\u00f3 y una mujer de 27 result\u00f3 herida en una balacera ocurrida en la comuna de La Pintana, Regi\u00f3n Metropolitana. El incidente tuvo lugar en la poblaci\u00f3n El Castillo durante la madrugada.<\/p>\n<p>Las autoridades sospechan que el enfrentamiento fue entre bandas rivales. &#8220;Estamos investigando si hubo una balacera entre bandas rivales&#8221;, indic\u00f3 el oficial de ronda Prefectura Sur, teniente Alfredo Quintana.<\/p>\n<p>El fiscal ECOH, Pablo Sabaj, agreg\u00f3: &#8220;En este lugar han ocurrido varios enfrentamientos hist\u00f3ricamente de bandas y muy recientemente tambi\u00e9n que podr\u00eda ser vinculado a eso&#8221;.<\/p>\n<p>Quintana confirm\u00f3 que el joven fallecido ten\u00eda antecedentes por receptaci\u00f3n. La mujer lesionada no ten\u00eda registros penales ni relaci\u00f3n con los hechos, seg\u00fan inform\u00f3 el oficial.<\/p>\n<p>La v\u00edctima grave fue trasladada al Hospital Padre Hurtado, donde se encuentra fuera de riesgo vital.<\/p>\n<p>En el lugar del suceso, las autoridades levantaron m\u00e1s de 70 casquillos de bala. El equipo ECOH trabaja junto con el OS9 y el Labocar de <a href=\"https:\/\/www.carabineros.cl\/\">Carabineros<\/a> para esclarecer la din\u00e1mica del hecho.<\/p>\n","protected":false},"excerpt":{"rendered":"<p>Un joven de 18 a\u00f1os muri\u00f3 y una mujer de 27 result\u00f3 herida en una balacera ocurrida en la comuna de La Pintana, Regi\u00f3n Metropolitana. El incidente tuvo lugar en la poblaci\u00f3n El Castillo durante la madrugada. Las autoridades sospechan que el enfrentamiento fue entre bandas rivales. &#8220;Estamos investigando si hubo una balacera entre bandas [&hellip;]<\/p>\n","protected":false},"author":2,"featured_media":18189,"comment_status":"closed","ping_status":"open","sticky":false,"template":"","format":"standard","meta":{"_jetpack_memberships_contains_paid_content":false,"jnews-multi-image_gallery":[],"jnews_single_post":[],"jnews_primary_category":[],"jnews_social_meta":[],"jnews_paywall_metabox":[],"jnews_review":[],"enable_review":"","type":"","name":"","summary":"","brand":"","sku":"","good":[],"bad":[],"score_override":"","override_value":"","rating":[],"price":[],"jnews_override_counter":[],"jnews_post_split":[],"footnotes":""},"categories":[21],"tags":[],"class_list":["post-18190","post","type-post","status-publish","format-standard","has-post-thumbnail","hentry","category-nacional"],"jetpack_featured_media_url":"https:\/\/laserenaradio.cl\/web\/wp-content\/uploads\/2025\/07\/homepiaiextractoscrapimg_webpBalaceraPintana_0.webp","jetpack_sharing_enabled":true,"_links":{"self":[{"href":"https:\/\/laserenaradio.cl\/web\/wp-json\/wp\/v2\/posts\/18190","targetHints":{"allow":["GET"]}}],"collection":[{"href":"https:\/\/laserenaradio.cl\/web\/wp-json\/wp\/v2\/posts"}],"about":[{"href":"https:\/\/laserenaradio.cl\/web\/wp-json\/wp\/v2\/types\/post"}],"author":[{"embeddable":true,"href":"https:\/\/laserenaradio.cl\/web\/wp-json\/wp\/v2\/users\/2"}],"replies":[{"embeddable":true,"href":"https:\/\/laserenaradio.cl\/web\/wp-json\/wp\/v2\/comments?post=18190"}],"version-history":[{"count":1,"href":"https:\/\/laserenaradio.cl\/web\/wp-json\/wp\/v2\/posts\/18190\/revisions"}],"predecessor-version":[{"id":18191,"href":"https:\/\/laserenaradio.cl\/web\/wp-json\/wp\/v2\/posts\/18190\/revisions\/18191"}],"wp:featuredmedia":[{"embeddable":true,"href":"https:\/\/laserenaradio.cl\/web\/wp-json\/wp\/v2\/media\/18189"}],"wp:attachment":[{"href":"https:\/\/laserenaradio.cl\/web\/wp-json\/wp\/v2\/media?parent=18190"}],"wp:term":[{"taxonomy":"category","embeddable":true,"href":"https:\/\/laserenaradio.cl\/web\/wp-json\/wp\/v2\/categories?post=18190"},{"taxonomy":"post_tag","embeddable":true,"href":"https:\/\/laserenaradio.cl\/web\/wp-json\/wp\/v2\/tags?post=18190"}],"curies":[{"name":"wp","href":"https:\/\/api.w.org\/{rel}","templated":true}]}}