{"id":18183,"date":"2025-07-27T14:31:21","date_gmt":"2025-07-27T17:31:21","guid":{"rendered":"https:\/\/laserenaradio.cl\/web\/?p=18183"},"modified":"2025-07-27T14:33:18","modified_gmt":"2025-07-27T17:33:18","slug":"incendio-en-valdivia-cuatro-muertos-y-cinco-heridos","status":"publish","type":"post","link":"https:\/\/laserenaradio.cl\/web\/2025\/07\/27\/incendio-en-valdivia-cuatro-muertos-y-cinco-heridos\/","title":{"rendered":"Incendio en Valdivia: cuatro muertos y cinco heridos."},"content":{"rendered":"\n<p>Dos mujeres, una ni\u00f1a y un ni\u00f1o murieron en un devastador incendio ocurrido durante la madrugada del domingo en Valdivia. El siniestro afect\u00f3 cuatro casas en la calle Baltazar Mej\u00edas, dejando adem\u00e1s cinco personas lesionadas de distinta gravedad, aunque fuera de riesgo vital.<\/p>\n\n\n\n<p>Seg\u00fan informaron las autoridades a La Radio, la Unidad de Flagrancia de la <a href=\"https:\/\/www.fiscaliadechile.cl\/\">Fiscal\u00eda<\/a> de Los R\u00edos instruy\u00f3 a la Brigada de Homicidios de la <a href=\"https:\/\/www.pdichile.cl\/\">PDI<\/a> y un perito qu\u00edmico para investigar las circunstancias del incendio. Asimismo, se convoc\u00f3 al <a href=\"http:\/\/www.sml.gob.cl\/\">Servicio M\u00e9dico Legal<\/a> (SML) para realizar autopsias a las v\u00edctimas.<\/p>\n\n\n\n<p>El Subprefecto Hugo Leal, Jefe de la Brigada Homicidios Valdivia, inform\u00f3 que personal de la Brigada y peritos del laboratorio de Valdivia y Puerto Montt trabajan en la determinaci\u00f3n cient\u00edfica de las causas exactas del incendio. Las cinco personas lesionadas fueron trasladadas al Hospital Regional de Valdivia para su atenci\u00f3n m\u00e9dica, con resultados positivos sobre su estabilidad vital.<\/p>\n\n\n\n<figure class=\"wp-block-embed is-type-rich is-provider-twitter wp-block-embed-twitter\"><div class=\"wp-block-embed__wrapper\">\n<div class=\"embed-twitter\"><blockquote class=\"twitter-tweet\" data-width=\"500\" data-dnt=\"true\"><p lang=\"es\" dir=\"ltr\">\ud83d\udd35 Nuestra Unidad se Flagrancia instruy\u00f3 diligencias a la Brigada de Homicidios de la PDI junto con un perito qu\u00edmico para determinar las circunstancias en que se produjo este hecho y la concurrencia del Servicio M\u00e9dico Legal para practicar la autopsia de las v\u00edctimas. <a href=\"https:\/\/twitter.com\/hashtag\/Valdivia?src=hash&amp;ref_src=twsrc%5Etfw\">#Valdivia<\/a> <a href=\"https:\/\/t.co\/gprxBno7xq\">pic.twitter.com\/gprxBno7xq<\/a><\/p>&mdash; Fiscal\u00eda Los R\u00edos (@FiscaliaLosRios) <a href=\"https:\/\/twitter.com\/FiscaliaLosRios\/status\/1949508747874775430?ref_src=twsrc%5Etfw\">July 27, 2025<\/a><\/blockquote><script async src=\"https:\/\/platform.twitter.com\/widgets.js\" charset=\"utf-8\"><\/script><\/div>\n<\/div><\/figure>\n","protected":false},"excerpt":{"rendered":"<p>Dos mujeres, una ni\u00f1a y un ni\u00f1o murieron en un devastador incendio ocurrido durante la madrugada del domingo en Valdivia. El siniestro afect\u00f3 cuatro casas en la calle Baltazar Mej\u00edas, dejando adem\u00e1s cinco personas lesionadas de distinta gravedad, aunque fuera de riesgo vital. Seg\u00fan informaron las autoridades a La Radio, la Unidad de Flagrancia de [&hellip;]<\/p>\n","protected":false},"author":2,"featured_media":18182,"comment_status":"closed","ping_status":"open","sticky":false,"template":"","format":"standard","meta":{"_jetpack_memberships_contains_paid_content":false,"jnews-multi-image_gallery":[],"jnews_single_post":{"format":"standard"},"jnews_primary_category":[],"jnews_social_meta":[],"jnews_paywall_metabox":[],"jnews_review":[],"enable_review":"","type":"","name":"","summary":"","brand":"","sku":"","good":[],"bad":[],"score_override":"","override_value":"","rating":[],"price":[],"jnews_override_counter":[],"jnews_post_split":[],"footnotes":""},"categories":[21],"tags":[],"class_list":["post-18183","post","type-post","status-publish","format-standard","has-post-thumbnail","hentry","category-nacional"],"jetpack_featured_media_url":"https:\/\/laserenaradio.cl\/web\/wp-content\/uploads\/2025\/07\/homepiaiextractoscrapimg_webpValdiviaincendiocincocuatro_0.webp","jetpack_sharing_enabled":true,"_links":{"self":[{"href":"https:\/\/laserenaradio.cl\/web\/wp-json\/wp\/v2\/posts\/18183","targetHints":{"allow":["GET"]}}],"collection":[{"href":"https:\/\/laserenaradio.cl\/web\/wp-json\/wp\/v2\/posts"}],"about":[{"href":"https:\/\/laserenaradio.cl\/web\/wp-json\/wp\/v2\/types\/post"}],"author":[{"embeddable":true,"href":"https:\/\/laserenaradio.cl\/web\/wp-json\/wp\/v2\/users\/2"}],"replies":[{"embeddable":true,"href":"https:\/\/laserenaradio.cl\/web\/wp-json\/wp\/v2\/comments?post=18183"}],"version-history":[{"count":2,"href":"https:\/\/laserenaradio.cl\/web\/wp-json\/wp\/v2\/posts\/18183\/revisions"}],"predecessor-version":[{"id":18185,"href":"https:\/\/laserenaradio.cl\/web\/wp-json\/wp\/v2\/posts\/18183\/revisions\/18185"}],"wp:featuredmedia":[{"embeddable":true,"href":"https:\/\/laserenaradio.cl\/web\/wp-json\/wp\/v2\/media\/18182"}],"wp:attachment":[{"href":"https:\/\/laserenaradio.cl\/web\/wp-json\/wp\/v2\/media?parent=18183"}],"wp:term":[{"taxonomy":"category","embeddable":true,"href":"https:\/\/laserenaradio.cl\/web\/wp-json\/wp\/v2\/categories?post=18183"},{"taxonomy":"post_tag","embeddable":true,"href":"https:\/\/laserenaradio.cl\/web\/wp-json\/wp\/v2\/tags?post=18183"}],"curies":[{"name":"wp","href":"https:\/\/api.w.org\/{rel}","templated":true}]}}