{"id":18177,"date":"2025-07-27T13:53:46","date_gmt":"2025-07-27T16:53:46","guid":{"rendered":"https:\/\/laserenaradio.cl\/web\/?p=18177"},"modified":"2025-07-27T13:53:46","modified_gmt":"2025-07-27T16:53:46","slug":"pdi-confirma-expulsion-de-37-extranjeros-incluido-criminal-colombiano","status":"publish","type":"post","link":"https:\/\/laserenaradio.cl\/web\/2025\/07\/27\/pdi-confirma-expulsion-de-37-extranjeros-incluido-criminal-colombiano\/","title":{"rendered":"PDI confirma expulsi\u00f3n de 37 extranjeros, incluido criminal colombiano."},"content":{"rendered":"<p>La Polic\u00eda de Investigaciones (<a href=\"https:\/\/www.pdichile.cl\/\">PDI<\/a>) confirm\u00f3 que el domingo por la ma\u00f1ana despeg\u00f3 un vuelo con 37 extranjeros expulsados de Chile, incluyendo a C\u00e9sar Fabi\u00e1n Micolta Sinisterra, el criminal m\u00e1s buscado de Colombia.<\/p>\n<p>A las 7:00 horas del mismo d\u00eda, sali\u00f3 el avi\u00f3n cargado con los expulsados. Oficiales de la <a href=\"https:\/\/www.pdichile.cl\/\">PDI<\/a> acompa\u00f1aron a estos individuos, seg\u00fan inform\u00f3 la instituci\u00f3n.<\/p>\n<p>La prefecta Polly Ureta, jefa de Migraciones y Polic\u00eda Internacional de la <a href=\"https:\/\/www.pdichile.cl\/\">PDI<\/a>, afirm\u00f3 que entre los expulsados se encuentra C\u00e9sar Fabi\u00e1n Micolta Sinisterra. Este ciudadano colombiano es considerado uno de los m\u00e1s buscados en su pa\u00eds por delitos como infracci\u00f3n a la ley de armas de fuego y componentes, lesiones con resultado de muerte y homicidio.<\/p>\n<p>De acuerdo al afiche de los M\u00e1s Buscados del Departamento de Polic\u00eda de Valle del Cauca, Colombia ofreci\u00f3 una recompensa hasta 10 millones de pesos colombianos (aproximadamente 2 millones de pesos chilenos) por la captura de Micolta Sinisterra.<\/p>\n<p>En Chile, el individuo registra una expulsi\u00f3n administrativa vigente por ingreso al pa\u00eds por paso no habilitado. Seg\u00fan la detective, el criminal ingres\u00f3 clandestinamente y fue denunciado el a\u00f1o pasado.<\/p>\n<p>Adem\u00e1s, C\u00e9sar Micolta manten\u00eda notificaci\u00f3n naranja en Interpol, lo que representa un alerta internacional para su localizaci\u00f3n e identificaci\u00f3n debido a amenazas serias e inminentes para la seguridad p\u00fablica.<\/p>\n","protected":false},"excerpt":{"rendered":"<p>La Polic\u00eda de Investigaciones (PDI) confirm\u00f3 que el domingo por la ma\u00f1ana despeg\u00f3 un vuelo con 37 extranjeros expulsados de Chile, incluyendo a C\u00e9sar Fabi\u00e1n Micolta Sinisterra, el criminal m\u00e1s buscado de Colombia. A las 7:00 horas del mismo d\u00eda, sali\u00f3 el avi\u00f3n cargado con los expulsados. Oficiales de la PDI acompa\u00f1aron a estos individuos, [&hellip;]<\/p>\n","protected":false},"author":2,"featured_media":18176,"comment_status":"closed","ping_status":"open","sticky":false,"template":"","format":"standard","meta":{"_jetpack_memberships_contains_paid_content":false,"jnews-multi-image_gallery":[],"jnews_single_post":[],"jnews_primary_category":[],"jnews_social_meta":[],"jnews_paywall_metabox":[],"jnews_review":[],"enable_review":"","type":"","name":"","summary":"","brand":"","sku":"","good":[],"bad":[],"score_override":"","override_value":"","rating":[],"price":[],"jnews_override_counter":[],"jnews_post_split":[],"footnotes":""},"categories":[21],"tags":[],"class_list":["post-18177","post","type-post","status-publish","format-standard","has-post-thumbnail","hentry","category-nacional"],"jetpack_featured_media_url":"https:\/\/laserenaradio.cl\/web\/wp-content\/uploads\/2025\/07\/homepiaiextractoscrapimg_webpexpulsadosMicoltaSinisterracriminal_1.webp","jetpack_sharing_enabled":true,"_links":{"self":[{"href":"https:\/\/laserenaradio.cl\/web\/wp-json\/wp\/v2\/posts\/18177","targetHints":{"allow":["GET"]}}],"collection":[{"href":"https:\/\/laserenaradio.cl\/web\/wp-json\/wp\/v2\/posts"}],"about":[{"href":"https:\/\/laserenaradio.cl\/web\/wp-json\/wp\/v2\/types\/post"}],"author":[{"embeddable":true,"href":"https:\/\/laserenaradio.cl\/web\/wp-json\/wp\/v2\/users\/2"}],"replies":[{"embeddable":true,"href":"https:\/\/laserenaradio.cl\/web\/wp-json\/wp\/v2\/comments?post=18177"}],"version-history":[{"count":1,"href":"https:\/\/laserenaradio.cl\/web\/wp-json\/wp\/v2\/posts\/18177\/revisions"}],"predecessor-version":[{"id":18178,"href":"https:\/\/laserenaradio.cl\/web\/wp-json\/wp\/v2\/posts\/18177\/revisions\/18178"}],"wp:featuredmedia":[{"embeddable":true,"href":"https:\/\/laserenaradio.cl\/web\/wp-json\/wp\/v2\/media\/18176"}],"wp:attachment":[{"href":"https:\/\/laserenaradio.cl\/web\/wp-json\/wp\/v2\/media?parent=18177"}],"wp:term":[{"taxonomy":"category","embeddable":true,"href":"https:\/\/laserenaradio.cl\/web\/wp-json\/wp\/v2\/categories?post=18177"},{"taxonomy":"post_tag","embeddable":true,"href":"https:\/\/laserenaradio.cl\/web\/wp-json\/wp\/v2\/tags?post=18177"}],"curies":[{"name":"wp","href":"https:\/\/api.w.org\/{rel}","templated":true}]}}