{"id":18165,"date":"2025-07-26T23:45:40","date_gmt":"2025-07-27T02:45:40","guid":{"rendered":"https:\/\/laserenaradio.cl\/web\/?p=18165"},"modified":"2025-07-26T23:45:40","modified_gmt":"2025-07-27T02:45:40","slug":"peron-vendio-armas-a-chile-durante-dictadura-de-pinochet","status":"publish","type":"post","link":"https:\/\/laserenaradio.cl\/web\/2025\/07\/26\/peron-vendio-armas-a-chile-durante-dictadura-de-pinochet\/","title":{"rendered":"Per\u00f3n vendi\u00f3 armas a Chile durante dictadura de Pinochet"},"content":{"rendered":"<p>Documentos desclasificados afirman que Juan e Isabel Per\u00f3n vendieron armas secretamente a la dictadura de Augusto Pinochet entre 1973 y 1974 por 3,5 millones de d\u00f3lares de la \u00e9poca, equivalentes a unos 24 millones de d\u00f3lares actuales. Seg\u00fan detallan medios trasandinos como Clar\u00edn, los decretos 382 y 1140 autorizaron la venta de miles de proyectiles para fusiles de combate FAL, 2.000 pistolas ametralladoras PAM y 6 mil pistolas Browning calibre 9 mm, entre otros elementos.<\/p>\n<p>Los documentos, dados a conocer por el gobierno del presidente Javier Milei, detallan que la primera venta se materializ\u00f3 el 26 de noviembre de 1973, s\u00f3lo dos meses despu\u00e9s de que las Fuerzas Armadas derrocaran a Salvador Allende. La segunda venta, en tanto, se concret\u00f3 en octubre de 1974.<\/p>\n<p>Para el historiador y analista pol\u00edtico argentino Rosendo Fraga, estas entregas fueron &#8220;coherentes con la estrategia de Per\u00f3n quien hab\u00eda visto que se ven\u00edan reg\u00edmenes de derecha en Am\u00e9rica Latina&#8221;. El citado medio consigna que el decreto 382 autoriz\u00f3 a la Direcci\u00f3n General de Fabricaciones Militares (DGFM) vender a <a href=\"https:\/\/www.carabineros.cl\/\">Carabineros<\/a> de Chile 2.000 pistolas ametralladoras PA3 &#8220;DM&#8221;, 20 millones de cartuchos calibre 7,62 mm NATO para fusiles de combate FAL y 15.000 granadas lacrim\u00f3genas.<\/p>\n<p>Este env\u00edo se llev\u00f3 a cabo a trav\u00e9s del paso fronterizo de Las Cuevas, Mendoza. Por su parte, el decreto 1140 detall\u00f3 la exportaci\u00f3n de 6 mil pistolas Browning calibre 9 mm a <a href=\"https:\/\/www.carabineros.cl\/\">Carabineros<\/a> por 612 mil d\u00f3lares. En aquella oportunidad se orden\u00f3 que la Aduana argentina no controlara la carga secreta. De hecho, en el decreto se establec\u00eda que no se verificar\u00eda el contenido del cargamento.<\/p>\n<p>Al respecto, el historiador Eduardo L\u00f3pez confirm\u00f3 la existencia de un acta de la Junta Militar de Chile que detalla en 1973 &#8220;la presencia de un representante oficial de Per\u00f3n en Chile que trae ayuda material y el respaldo argentino a la Junta&#8221;. En otras sesiones de la Junta, el tema no volvi\u00f3 a tratarse, y no hay registro de alg\u00fan encuentro entre el enviado de Per\u00f3n y alguna autoridad chilena&#8221;, agreg\u00f3 L\u00f3pez, quien se desempe\u00f1a como acad\u00e9mico de la Universidad Diego Portales y de la Universidad Alberto Hurtado.<\/p>\n<p>Recordemos que recientemente la justicia orden\u00f3 a los herederos de Pinochet restituir 16 millones de d\u00f3lares al fisco, patrimonio obtenido por la &#8220;sustracci\u00f3n de caudales p\u00fablicos&#8221; en los que incurri\u00f3 el dictador y que fueron distribuidos entre sus sucesores una vez fallecido. El S\u00e9ptimo Juzgado Civil de Santiago acogi\u00f3 as\u00ed la demanda del Consejo de Defensa del Estado (CDE) para recuperar el dinero malversado por Pinochet que a\u00fan no hab\u00eda sido confiscado, y cuyo origen, dice el fallo, &#8220;se encuentra en los fondos de gastos reservados asignados a la Presidencia de la Rep\u00fablica, a la Casa Militar y a la Comandancia en Jefe del <a href=\"https:\/\/www.ejercito.cl\/\">Ej\u00e9rcito de Chile<\/a>&#8220;.<\/p>\n<p>Cabe se\u00f1alar que fue en octubre de 2018 cuando el CDE demand\u00f3 a los herederos del exgeneral despu\u00e9s de que la Corte Suprema concluyera la investigaci\u00f3n que revel\u00f3 m\u00faltiples cuentas bancarias secretas usadas por Pinochet y sus colaboradores para ocultar capital ilegal, conocida como caso Riggs. &#8220;Transcurridos siete a\u00f1os desde su presentaci\u00f3n, la demanda por provecho del dolo ajeno que hoy acoge \u00edntegramente la Justicia forma parte de un conjunto de acciones materializadas por el CDE para reparar los exorbitantes perjuicios ocasionados por la malversaci\u00f3n de fondos p\u00fablicos cometida por Pinochet y sus colaboradores&#8221;, dijo el presidente del organismo, Ra\u00fal Letelier.<\/p>\n","protected":false},"excerpt":{"rendered":"<p>Documentos desclasificados afirman que Juan e Isabel Per\u00f3n vendieron armas secretamente a la dictadura de Augusto Pinochet entre 1973 y 1974 por 3,5 millones de d\u00f3lares de la \u00e9poca, equivalentes a unos 24 millones de d\u00f3lares actuales. Seg\u00fan detallan medios trasandinos como Clar\u00edn, los decretos 382 y 1140 autorizaron la venta de miles de proyectiles [&hellip;]<\/p>\n","protected":false},"author":2,"featured_media":18164,"comment_status":"closed","ping_status":"open","sticky":false,"template":"","format":"standard","meta":{"_jetpack_memberships_contains_paid_content":false,"jnews-multi-image_gallery":[],"jnews_single_post":[],"jnews_primary_category":[],"jnews_social_meta":[],"jnews_paywall_metabox":[],"jnews_review":[],"enable_review":"","type":"","name":"","summary":"","brand":"","sku":"","good":[],"bad":[],"score_override":"","override_value":"","rating":[],"price":[],"jnews_override_counter":[],"jnews_post_split":[],"footnotes":""},"categories":[21],"tags":[],"class_list":["post-18165","post","type-post","status-publish","format-standard","has-post-thumbnail","hentry","category-nacional"],"jetpack_featured_media_url":"https:\/\/laserenaradio.cl\/web\/wp-content\/uploads\/2025\/07\/homepiaiextractoscrapimg_webpChilePinochetmillonespistolas_0.webp","jetpack_sharing_enabled":true,"_links":{"self":[{"href":"https:\/\/laserenaradio.cl\/web\/wp-json\/wp\/v2\/posts\/18165","targetHints":{"allow":["GET"]}}],"collection":[{"href":"https:\/\/laserenaradio.cl\/web\/wp-json\/wp\/v2\/posts"}],"about":[{"href":"https:\/\/laserenaradio.cl\/web\/wp-json\/wp\/v2\/types\/post"}],"author":[{"embeddable":true,"href":"https:\/\/laserenaradio.cl\/web\/wp-json\/wp\/v2\/users\/2"}],"replies":[{"embeddable":true,"href":"https:\/\/laserenaradio.cl\/web\/wp-json\/wp\/v2\/comments?post=18165"}],"version-history":[{"count":1,"href":"https:\/\/laserenaradio.cl\/web\/wp-json\/wp\/v2\/posts\/18165\/revisions"}],"predecessor-version":[{"id":18166,"href":"https:\/\/laserenaradio.cl\/web\/wp-json\/wp\/v2\/posts\/18165\/revisions\/18166"}],"wp:featuredmedia":[{"embeddable":true,"href":"https:\/\/laserenaradio.cl\/web\/wp-json\/wp\/v2\/media\/18164"}],"wp:attachment":[{"href":"https:\/\/laserenaradio.cl\/web\/wp-json\/wp\/v2\/media?parent=18165"}],"wp:term":[{"taxonomy":"category","embeddable":true,"href":"https:\/\/laserenaradio.cl\/web\/wp-json\/wp\/v2\/categories?post=18165"},{"taxonomy":"post_tag","embeddable":true,"href":"https:\/\/laserenaradio.cl\/web\/wp-json\/wp\/v2\/tags?post=18165"}],"curies":[{"name":"wp","href":"https:\/\/api.w.org\/{rel}","templated":true}]}}