{"id":18162,"date":"2025-07-26T22:47:22","date_gmt":"2025-07-27T01:47:22","guid":{"rendered":"https:\/\/laserenaradio.cl\/web\/?p=18162"},"modified":"2025-07-26T22:47:22","modified_gmt":"2025-07-27T01:47:22","slug":"cobresal-derrota-a-deportes-la-serena-2-0-y-se-mete-en-zona-internacional","status":"publish","type":"post","link":"https:\/\/laserenaradio.cl\/web\/2025\/07\/26\/cobresal-derrota-a-deportes-la-serena-2-0-y-se-mete-en-zona-internacional\/","title":{"rendered":"Cobresal derrota a Deportes La Serena 2-0 y se mete en zona internacional."},"content":{"rendered":"<p>Cobresal derrot\u00f3 a Deportes La Serena por 2-0 en la 17\u00aa fecha de la Liga de Primera 2025, meti\u00e9ndose as\u00ed en zona de copas internacionales. Con esta victoria en el Estadio La Portada, el equipo de El Salvador subi\u00f3 al sexto lugar con 26 puntos, a nueve del l\u00edder Coquimbo Unido.<\/p>\n<p>La figura de la jornada fue Jorge Henr\u00edquez, autor de los dos goles para Cobresal. Su primera diana lleg\u00f3 a los 33 minutos desde un penal. Ya en el complemento, a los 68&#8242;, Henr\u00edquez anot\u00f3 nuevamente con un lanzamiento libre al \u00e1ngulo, vulnerando la resistencia del arquero Eryin Sanhueza. <\/p>\n<p>Deportes La Serena sum\u00f3 su quinto partido consecutivo sin ganar y permaneci\u00f3 en el duod\u00e9cimo lugar con 17 unidades. El equipo local mostr\u00f3 falta de claridad en la \u00faltima jugada y sufri\u00f3 una cuota de mala fortuna, presentando al menos cuatro remates en el poste.<\/p>\n<p>Para la pr\u00f3xima fecha del torneo, Deportes La Serena visitar\u00e1 a Uni\u00f3n Espa\u00f1ola el 2 de agosto, mientras que Cobresal ser\u00e1 el forastero ante Universidad de Chile el 4 del mismo mes.<\/p>\n","protected":false},"excerpt":{"rendered":"<p>Cobresal derrot\u00f3 a Deportes La Serena por 2-0 en la 17\u00aa fecha de la Liga de Primera 2025, meti\u00e9ndose as\u00ed en zona de copas internacionales. Con esta victoria en el Estadio La Portada, el equipo de El Salvador subi\u00f3 al sexto lugar con 26 puntos, a nueve del l\u00edder Coquimbo Unido. La figura de la [&hellip;]<\/p>\n","protected":false},"author":2,"featured_media":18161,"comment_status":"closed","ping_status":"open","sticky":false,"template":"","format":"standard","meta":{"_jetpack_memberships_contains_paid_content":false,"jnews-multi-image_gallery":[],"jnews_single_post":[],"jnews_primary_category":[],"jnews_social_meta":[],"jnews_paywall_metabox":[],"jnews_review":[],"enable_review":"","type":"","name":"","summary":"","brand":"","sku":"","good":[],"bad":[],"score_override":"","override_value":"","rating":[],"price":[],"jnews_override_counter":[],"jnews_post_split":[],"footnotes":""},"categories":[84],"tags":[],"class_list":["post-18162","post","type-post","status-publish","format-standard","has-post-thumbnail","hentry","category-deportes"],"jetpack_featured_media_url":"https:\/\/laserenaradio.cl\/web\/wp-content\/uploads\/2025\/07\/homepiaiextractoscrapimg_webpCobresalfechazonaequipo_1.webp","jetpack_sharing_enabled":true,"_links":{"self":[{"href":"https:\/\/laserenaradio.cl\/web\/wp-json\/wp\/v2\/posts\/18162","targetHints":{"allow":["GET"]}}],"collection":[{"href":"https:\/\/laserenaradio.cl\/web\/wp-json\/wp\/v2\/posts"}],"about":[{"href":"https:\/\/laserenaradio.cl\/web\/wp-json\/wp\/v2\/types\/post"}],"author":[{"embeddable":true,"href":"https:\/\/laserenaradio.cl\/web\/wp-json\/wp\/v2\/users\/2"}],"replies":[{"embeddable":true,"href":"https:\/\/laserenaradio.cl\/web\/wp-json\/wp\/v2\/comments?post=18162"}],"version-history":[{"count":1,"href":"https:\/\/laserenaradio.cl\/web\/wp-json\/wp\/v2\/posts\/18162\/revisions"}],"predecessor-version":[{"id":18163,"href":"https:\/\/laserenaradio.cl\/web\/wp-json\/wp\/v2\/posts\/18162\/revisions\/18163"}],"wp:featuredmedia":[{"embeddable":true,"href":"https:\/\/laserenaradio.cl\/web\/wp-json\/wp\/v2\/media\/18161"}],"wp:attachment":[{"href":"https:\/\/laserenaradio.cl\/web\/wp-json\/wp\/v2\/media?parent=18162"}],"wp:term":[{"taxonomy":"category","embeddable":true,"href":"https:\/\/laserenaradio.cl\/web\/wp-json\/wp\/v2\/categories?post=18162"},{"taxonomy":"post_tag","embeddable":true,"href":"https:\/\/laserenaradio.cl\/web\/wp-json\/wp\/v2\/tags?post=18162"}],"curies":[{"name":"wp","href":"https:\/\/api.w.org\/{rel}","templated":true}]}}