{"id":18156,"date":"2025-07-26T22:43:05","date_gmt":"2025-07-27T01:43:05","guid":{"rendered":"https:\/\/laserenaradio.cl\/web\/?p=18156"},"modified":"2025-07-26T22:43:05","modified_gmt":"2025-07-27T01:43:05","slug":"colo-colo-sufre-derrota-ante-real-valladolid","status":"publish","type":"post","link":"https:\/\/laserenaradio.cl\/web\/2025\/07\/26\/colo-colo-sufre-derrota-ante-real-valladolid\/","title":{"rendered":"Colo-Colo sufre derrota ante Real Valladolid."},"content":{"rendered":"<p>Colo Colo sufri\u00f3 una nueva derrota ante Real Valladolid en un partido amistoso celebrado por el centenario del club albo. Este s\u00e1bado, en el Monumental, present\u00f3 un equipo juvenil mientras su primer equipo disputar\u00e1 oficialmente la Liga de Primera contra O\u2019Higgins.<\/p>\n<p>El pasado mi\u00e9rcoles 23 de julio, los &#8216;albos&#8217; cayeron ante el conjunto espa\u00f1ol en Vi\u00f1a del Mar con goles de Marcos Andr\u00e9 y Iv\u00e1n Cantalejo.<\/p>\n<p>En este encuentro, Real Valladolid se impuso por la cuenta m\u00ednima, gracias a un certero cabezazo de Juanmi Latasa (49\u2032) que no tuvo respuesta para Eduardo Villanueva. La expulsi\u00f3n de V\u00edctor Campos a los 80 minutos dej\u00f3 al equipo con diez hombres.<\/p>\n<p>El centenario del club se marc\u00f3 con un gesto emotivo: Tom\u00e1s Arellano, bisnieto del legendario David Arellano, rindi\u00f3 homenaje a su bisabuelo en el minuto 35. Este acto de memoria hizo que el f\u00fatbol detuviera por un instante su curso, con m\u00e1s de 40 mil espectadores en silencio.<\/p>\n","protected":false},"excerpt":{"rendered":"<p>Colo Colo sufri\u00f3 una nueva derrota ante Real Valladolid en un partido amistoso celebrado por el centenario del club albo. Este s\u00e1bado, en el Monumental, present\u00f3 un equipo juvenil mientras su primer equipo disputar\u00e1 oficialmente la Liga de Primera contra O\u2019Higgins. El pasado mi\u00e9rcoles 23 de julio, los &#8216;albos&#8217; cayeron ante el conjunto espa\u00f1ol en [&hellip;]<\/p>\n","protected":false},"author":2,"featured_media":18155,"comment_status":"closed","ping_status":"open","sticky":false,"template":"","format":"standard","meta":{"_jetpack_memberships_contains_paid_content":false,"jnews-multi-image_gallery":[],"jnews_single_post":[],"jnews_primary_category":[],"jnews_social_meta":[],"jnews_paywall_metabox":[],"jnews_review":[],"enable_review":"","type":"","name":"","summary":"","brand":"","sku":"","good":[],"bad":[],"score_override":"","override_value":"","rating":[],"price":[],"jnews_override_counter":[],"jnews_post_split":[],"footnotes":""},"categories":[84],"tags":[],"class_list":["post-18156","post","type-post","status-publish","format-standard","has-post-thumbnail","hentry","category-deportes"],"jetpack_featured_media_url":"https:\/\/laserenaradio.cl\/web\/wp-content\/uploads\/2025\/07\/homepiaiextractoscrapimg_webpanteRealValladolidequipoderrota_1.webp","jetpack_sharing_enabled":true,"_links":{"self":[{"href":"https:\/\/laserenaradio.cl\/web\/wp-json\/wp\/v2\/posts\/18156","targetHints":{"allow":["GET"]}}],"collection":[{"href":"https:\/\/laserenaradio.cl\/web\/wp-json\/wp\/v2\/posts"}],"about":[{"href":"https:\/\/laserenaradio.cl\/web\/wp-json\/wp\/v2\/types\/post"}],"author":[{"embeddable":true,"href":"https:\/\/laserenaradio.cl\/web\/wp-json\/wp\/v2\/users\/2"}],"replies":[{"embeddable":true,"href":"https:\/\/laserenaradio.cl\/web\/wp-json\/wp\/v2\/comments?post=18156"}],"version-history":[{"count":1,"href":"https:\/\/laserenaradio.cl\/web\/wp-json\/wp\/v2\/posts\/18156\/revisions"}],"predecessor-version":[{"id":18157,"href":"https:\/\/laserenaradio.cl\/web\/wp-json\/wp\/v2\/posts\/18156\/revisions\/18157"}],"wp:featuredmedia":[{"embeddable":true,"href":"https:\/\/laserenaradio.cl\/web\/wp-json\/wp\/v2\/media\/18155"}],"wp:attachment":[{"href":"https:\/\/laserenaradio.cl\/web\/wp-json\/wp\/v2\/media?parent=18156"}],"wp:term":[{"taxonomy":"category","embeddable":true,"href":"https:\/\/laserenaradio.cl\/web\/wp-json\/wp\/v2\/categories?post=18156"},{"taxonomy":"post_tag","embeddable":true,"href":"https:\/\/laserenaradio.cl\/web\/wp-json\/wp\/v2\/tags?post=18156"}],"curies":[{"name":"wp","href":"https:\/\/api.w.org\/{rel}","templated":true}]}}