{"id":18147,"date":"2025-07-26T18:07:17","date_gmt":"2025-07-26T21:07:17","guid":{"rendered":"https:\/\/laserenaradio.cl\/web\/?p=18147"},"modified":"2025-07-26T18:07:17","modified_gmt":"2025-07-26T21:07:17","slug":"fiscalia-pide-presidio-perpetuo-por-megaincendio-en-valparaiso","status":"publish","type":"post","link":"https:\/\/laserenaradio.cl\/web\/2025\/07\/26\/fiscalia-pide-presidio-perpetuo-por-megaincendio-en-valparaiso\/","title":{"rendered":"Fiscal\u00eda pide presidio perpetuo por megaincendio en Valpara\u00edso"},"content":{"rendered":"<p>El Ministerio P\u00fablico solicit\u00f3 presidio perpetuo calificado en contra de las 9 personas detenidas por el megaincendio que dej\u00f3 138 fallecidos en Valpara\u00edso. Luego de cerrar la investigaci\u00f3n del pasado 14 de julio, la <a href=\"https:\/\/www.fiscaliadechile.cl\/\">Fiscal\u00eda<\/a> present\u00f3 la acusaci\u00f3n criminal, imputando a Maximiliano V\u00e9liz, Jos\u00e9 Atenas, Jos\u00e9 Jerez, \u00c1ngel Barahona, Claudio Gamboa, El\u00edas Salazar, Franco Pinto, Francisco Mondaca y Mat\u00edas Cordero. Todos fueron acusados de asociaci\u00f3n criminal, incendio con resultado de muerte, delito ambiental y porte\/tenci\u00f3n de explosivos artesanales y fuegos de artificio.<\/p>\n<p>Solamente por el delito de incendio con resultado de muerte, la <a href=\"https:\/\/www.fiscaliadechile.cl\/\">Fiscal\u00eda<\/a> pidi\u00f3 presidio perpetuo calificado para todos los imputados. Mar\u00eda Lorena Rossell, abogada y acad\u00e9mica de la Universidad de Las Am\u00e9ricas sede Vi\u00f1a del Mar, explic\u00f3 que una condena a este delito llevar\u00e1 a cumplir al menos 40 a\u00f1os de c\u00e1rcel antes de cualquier beneficio.<\/p>\n<p>Los damnificados por el cat\u00e1strofe recordaron que ninguna pena puede reparar el da\u00f1o. Ren\u00e9 Flores, director del Eje de Reconstrucci\u00f3n del Comit\u00e9 de Crisis de El Olivar de Vi\u00f1a del Mar, enfatiz\u00f3 la gravedad del incidente.<\/p>\n<p>Adem\u00e1s de estos cargos, los imputados est\u00e1n siendo acusados de participar en incendios registrados desde 2021 hasta febrero de 2024. La siguiente etapa ser\u00e1 la audiencia de preparaci\u00f3n del juicio oral, donde ser\u00e1n citados los acusados y otros intervinientes en la causa.<\/p>\n","protected":false},"excerpt":{"rendered":"<p>El Ministerio P\u00fablico solicit\u00f3 presidio perpetuo calificado en contra de las 9 personas detenidas por el megaincendio que dej\u00f3 138 fallecidos en Valpara\u00edso. Luego de cerrar la investigaci\u00f3n del pasado 14 de julio, la Fiscal\u00eda present\u00f3 la acusaci\u00f3n criminal, imputando a Maximiliano V\u00e9liz, Jos\u00e9 Atenas, Jos\u00e9 Jerez, \u00c1ngel Barahona, Claudio Gamboa, El\u00edas Salazar, Franco Pinto, [&hellip;]<\/p>\n","protected":false},"author":2,"featured_media":18146,"comment_status":"closed","ping_status":"open","sticky":false,"template":"","format":"standard","meta":{"_jetpack_memberships_contains_paid_content":false,"jnews-multi-image_gallery":[],"jnews_single_post":[],"jnews_primary_category":[],"jnews_social_meta":[],"jnews_paywall_metabox":[],"jnews_review":[],"enable_review":"","type":"","name":"","summary":"","brand":"","sku":"","good":[],"bad":[],"score_override":"","override_value":"","rating":[],"price":[],"jnews_override_counter":[],"jnews_post_split":[],"footnotes":""},"categories":[21],"tags":[],"class_list":["post-18147","post","type-post","status-publish","format-standard","has-post-thumbnail","hentry","category-nacional"],"jetpack_featured_media_url":"https:\/\/laserenaradio.cl\/web\/wp-content\/uploads\/2025\/07\/homepiaiextractoscrapimg_webppresidioperpetuoacusadosdelito_0.webp","jetpack_sharing_enabled":true,"_links":{"self":[{"href":"https:\/\/laserenaradio.cl\/web\/wp-json\/wp\/v2\/posts\/18147","targetHints":{"allow":["GET"]}}],"collection":[{"href":"https:\/\/laserenaradio.cl\/web\/wp-json\/wp\/v2\/posts"}],"about":[{"href":"https:\/\/laserenaradio.cl\/web\/wp-json\/wp\/v2\/types\/post"}],"author":[{"embeddable":true,"href":"https:\/\/laserenaradio.cl\/web\/wp-json\/wp\/v2\/users\/2"}],"replies":[{"embeddable":true,"href":"https:\/\/laserenaradio.cl\/web\/wp-json\/wp\/v2\/comments?post=18147"}],"version-history":[{"count":1,"href":"https:\/\/laserenaradio.cl\/web\/wp-json\/wp\/v2\/posts\/18147\/revisions"}],"predecessor-version":[{"id":18148,"href":"https:\/\/laserenaradio.cl\/web\/wp-json\/wp\/v2\/posts\/18147\/revisions\/18148"}],"wp:featuredmedia":[{"embeddable":true,"href":"https:\/\/laserenaradio.cl\/web\/wp-json\/wp\/v2\/media\/18146"}],"wp:attachment":[{"href":"https:\/\/laserenaradio.cl\/web\/wp-json\/wp\/v2\/media?parent=18147"}],"wp:term":[{"taxonomy":"category","embeddable":true,"href":"https:\/\/laserenaradio.cl\/web\/wp-json\/wp\/v2\/categories?post=18147"},{"taxonomy":"post_tag","embeddable":true,"href":"https:\/\/laserenaradio.cl\/web\/wp-json\/wp\/v2\/tags?post=18147"}],"curies":[{"name":"wp","href":"https:\/\/api.w.org\/{rel}","templated":true}]}}