{"id":18144,"date":"2025-07-26T18:05:21","date_gmt":"2025-07-26T21:05:21","guid":{"rendered":"https:\/\/laserenaradio.cl\/web\/?p=18144"},"modified":"2025-07-26T18:05:21","modified_gmt":"2025-07-26T21:05:21","slug":"bielsa-el-temperamento-incontrolable-del-rosarino-que-dejo-marca-en-la-roja","status":"publish","type":"post","link":"https:\/\/laserenaradio.cl\/web\/2025\/07\/26\/bielsa-el-temperamento-incontrolable-del-rosarino-que-dejo-marca-en-la-roja\/","title":{"rendered":"Bielsa: El temperamento incontrolable del rosarino que dej\u00f3 marca en La Roja"},"content":{"rendered":"<p>Meticuloso, obsesivo y tambi\u00e9n impredecible, Marcelo Bielsa dej\u00f3 una huella imborrable en cada equipo que dirigi\u00f3, no solo por su estilo de juego, sino tambi\u00e9n por sus excentricidades.<\/p>\n<p>El entrenador argentino, que estuvo al frente de la selecci\u00f3n chilena entre 2007 y 2011, marc\u00f3 un antes y un despu\u00e9s en la historia de La Roja. Pero m\u00e1s all\u00e1 de los logros deportivos, tambi\u00e9n fue protagonista de episodios ins\u00f3litos.<\/p>\n<p>Los exseleccionados nacionales Mark Gonz\u00e1lez y Jos\u00e9 Pedro Fuenzalida sorprendieron hace unos a\u00f1os con una historia que, hasta ese momento, nunca hab\u00eda salido a la luz. <\/p>\n<p>Tambi\u00e9n conocido como &#8216;Chico Mark&#8217;, Gonz\u00e1lez cont\u00f3 c\u00f3mo un d\u00eda tras un partido por Eliminatorias (12\/10\/2008) en Ecuador, despu\u00e9s de perder el encuentro y con Bielsa &#8220;enojado&#8221; al camar\u00edn &#8216;caliente&#8217;, el entrenador &#8220;se hab\u00eda &#8217;empelotado&#8217; y se puso arriba de una camilla boca arriba&#8221;. <\/p>\n<p>Gonz\u00e1lez rememor\u00f3 aquel episodio diciendo a Cultura del Gol: &#8220;solo \u00e9l sabe por qu\u00e9 hace las cosas, nosotros no entend\u00edamos&#8221;.<\/p>\n<p>Fuenzalida, por su parte, confirm\u00f3 el episodio y agreg\u00f3 otra similar que vivi\u00f3 tras la final del Torneo Esperanzas de Toulon 2008, en Francia. Seg\u00fan cont\u00f3, Bielsa &#8220;viv\u00eda los partidos con tal intensidad&#8221; y despu\u00e9s de perder con Italia 1-0 jugando bien y con muchos jugadores menos, se pele\u00f3 con el t\u00e9cnico de la selecci\u00f3n italiana.<\/p>\n<p>Estas an\u00e9cdotas ayudan a comprender por qu\u00e9 Bielsa despierta pasiones tan extremas. Para sus dirigidos, convivir con su intensidad no era tarea simple. Pero quienes lo vivieron de cerca aseguran que la experiencia, aunque desgastante, los marc\u00f3 para siempre.<\/p>\n","protected":false},"excerpt":{"rendered":"<p>Meticuloso, obsesivo y tambi\u00e9n impredecible, Marcelo Bielsa dej\u00f3 una huella imborrable en cada equipo que dirigi\u00f3, no solo por su estilo de juego, sino tambi\u00e9n por sus excentricidades. El entrenador argentino, que estuvo al frente de la selecci\u00f3n chilena entre 2007 y 2011, marc\u00f3 un antes y un despu\u00e9s en la historia de La Roja. [&hellip;]<\/p>\n","protected":false},"author":2,"featured_media":18143,"comment_status":"closed","ping_status":"open","sticky":false,"template":"","format":"standard","meta":{"_jetpack_memberships_contains_paid_content":false,"jnews-multi-image_gallery":[],"jnews_single_post":[],"jnews_primary_category":[],"jnews_social_meta":[],"jnews_paywall_metabox":[],"jnews_review":[],"enable_review":"","type":"","name":"","summary":"","brand":"","sku":"","good":[],"bad":[],"score_override":"","override_value":"","rating":[],"price":[],"jnews_override_counter":[],"jnews_post_split":[],"footnotes":""},"categories":[84],"tags":[],"class_list":["post-18144","post","type-post","status-publish","format-standard","has-post-thumbnail","hentry","category-deportes"],"jetpack_featured_media_url":"https:\/\/laserenaradio.cl\/web\/wp-content\/uploads\/2025\/07\/homepiaiextractoscrapimg_webpBielsaRoja_1.webp","jetpack_sharing_enabled":true,"_links":{"self":[{"href":"https:\/\/laserenaradio.cl\/web\/wp-json\/wp\/v2\/posts\/18144","targetHints":{"allow":["GET"]}}],"collection":[{"href":"https:\/\/laserenaradio.cl\/web\/wp-json\/wp\/v2\/posts"}],"about":[{"href":"https:\/\/laserenaradio.cl\/web\/wp-json\/wp\/v2\/types\/post"}],"author":[{"embeddable":true,"href":"https:\/\/laserenaradio.cl\/web\/wp-json\/wp\/v2\/users\/2"}],"replies":[{"embeddable":true,"href":"https:\/\/laserenaradio.cl\/web\/wp-json\/wp\/v2\/comments?post=18144"}],"version-history":[{"count":1,"href":"https:\/\/laserenaradio.cl\/web\/wp-json\/wp\/v2\/posts\/18144\/revisions"}],"predecessor-version":[{"id":18145,"href":"https:\/\/laserenaradio.cl\/web\/wp-json\/wp\/v2\/posts\/18144\/revisions\/18145"}],"wp:featuredmedia":[{"embeddable":true,"href":"https:\/\/laserenaradio.cl\/web\/wp-json\/wp\/v2\/media\/18143"}],"wp:attachment":[{"href":"https:\/\/laserenaradio.cl\/web\/wp-json\/wp\/v2\/media?parent=18144"}],"wp:term":[{"taxonomy":"category","embeddable":true,"href":"https:\/\/laserenaradio.cl\/web\/wp-json\/wp\/v2\/categories?post=18144"},{"taxonomy":"post_tag","embeddable":true,"href":"https:\/\/laserenaradio.cl\/web\/wp-json\/wp\/v2\/tags?post=18144"}],"curies":[{"name":"wp","href":"https:\/\/api.w.org\/{rel}","templated":true}]}}