{"id":18141,"date":"2025-07-26T18:03:28","date_gmt":"2025-07-26T21:03:28","guid":{"rendered":"https:\/\/laserenaradio.cl\/web\/?p=18141"},"modified":"2025-07-26T18:03:28","modified_gmt":"2025-07-26T21:03:28","slug":"gabriel-suazo-destaca-en-sevilla-fc","status":"publish","type":"post","link":"https:\/\/laserenaradio.cl\/web\/2025\/07\/26\/gabriel-suazo-destaca-en-sevilla-fc\/","title":{"rendered":"Gabriel Suazo destaca en Sevilla FC."},"content":{"rendered":"<p>Solo le bastaron dos partidos para hacerse notar. El lateral chileno Gabriel Suazo ha comenzado su etapa en el Sevilla FC con actuaciones que no han pasado desapercibidas. Y este s\u00e1bado volvi\u00f3 a destacar en la victoria 4-2 del cuadro andaluz sobre Schalke 04 en un nuevo amistoso de pretemporada. El exjugador de Colo Colo y del Toulouse franc\u00e9s fue titular nuevamente y repiti\u00f3 una acci\u00f3n que ya se est\u00e1 volviendo habitual, espec\u00edficamente una precisa asistencia de gol.<\/p>\n<p>Tal como ocurri\u00f3 en su debut el pasado 19 de julio ante el Sunderland ingl\u00e9s -cuando asisti\u00f3 en el empate 1-1-, esta vez fue clave en el primer gol del compromiso en Alemania. Suazo recibi\u00f3 por izquierda en el minuto 3 y sac\u00f3 de primera un preciso centro para el delantero nigeriano Akor Adams, quien rompi\u00f3 el cero a trav\u00e9s de un certero cabezazo.<\/p>\n<p>Adams repiti\u00f3 a los 32\u2019 para el 2-0 en el Veltins-Arena. Aunque Schalke intent\u00f3 reaccionar con un penal convertido por Sylla (59\u2032) y otro tanto de Salazar (84\u2032), el Sevilla control\u00f3 el partido con goles de Iheanacho (67\u2032), y Marcao (86\u2019). El buen rendimiento de Suazo le est\u00e1 permitiendo ganar espacio r\u00e1pidamente en el equipo dirigido por el argentino Mat\u00edas Almeyda, que el 2 de agosto volver\u00e1 a las canchas para medirse en amistoso al Olympique de Marsella en Francia.<\/p>\n","protected":false},"excerpt":{"rendered":"<p>Solo le bastaron dos partidos para hacerse notar. El lateral chileno Gabriel Suazo ha comenzado su etapa en el Sevilla FC con actuaciones que no han pasado desapercibidas. Y este s\u00e1bado volvi\u00f3 a destacar en la victoria 4-2 del cuadro andaluz sobre Schalke 04 en un nuevo amistoso de pretemporada. El exjugador de Colo Colo [&hellip;]<\/p>\n","protected":false},"author":2,"featured_media":18140,"comment_status":"closed","ping_status":"open","sticky":false,"template":"","format":"standard","meta":{"_jetpack_memberships_contains_paid_content":false,"jnews-multi-image_gallery":[],"jnews_single_post":[],"jnews_primary_category":[],"jnews_social_meta":[],"jnews_paywall_metabox":[],"jnews_review":[],"enable_review":"","type":"","name":"","summary":"","brand":"","sku":"","good":[],"bad":[],"score_override":"","override_value":"","rating":[],"price":[],"jnews_override_counter":[],"jnews_post_split":[],"footnotes":""},"categories":[84],"tags":[],"class_list":["post-18141","post","type-post","status-publish","format-standard","has-post-thumbnail","hentry","category-deportes"],"jetpack_featured_media_url":"https:\/\/laserenaradio.cl\/web\/wp-content\/uploads\/2025\/07\/homepiaiextractoscrapimg_webpSevillaleGabrielSuazopasado_0.webp","jetpack_sharing_enabled":true,"_links":{"self":[{"href":"https:\/\/laserenaradio.cl\/web\/wp-json\/wp\/v2\/posts\/18141","targetHints":{"allow":["GET"]}}],"collection":[{"href":"https:\/\/laserenaradio.cl\/web\/wp-json\/wp\/v2\/posts"}],"about":[{"href":"https:\/\/laserenaradio.cl\/web\/wp-json\/wp\/v2\/types\/post"}],"author":[{"embeddable":true,"href":"https:\/\/laserenaradio.cl\/web\/wp-json\/wp\/v2\/users\/2"}],"replies":[{"embeddable":true,"href":"https:\/\/laserenaradio.cl\/web\/wp-json\/wp\/v2\/comments?post=18141"}],"version-history":[{"count":1,"href":"https:\/\/laserenaradio.cl\/web\/wp-json\/wp\/v2\/posts\/18141\/revisions"}],"predecessor-version":[{"id":18142,"href":"https:\/\/laserenaradio.cl\/web\/wp-json\/wp\/v2\/posts\/18141\/revisions\/18142"}],"wp:featuredmedia":[{"embeddable":true,"href":"https:\/\/laserenaradio.cl\/web\/wp-json\/wp\/v2\/media\/18140"}],"wp:attachment":[{"href":"https:\/\/laserenaradio.cl\/web\/wp-json\/wp\/v2\/media?parent=18141"}],"wp:term":[{"taxonomy":"category","embeddable":true,"href":"https:\/\/laserenaradio.cl\/web\/wp-json\/wp\/v2\/categories?post=18141"},{"taxonomy":"post_tag","embeddable":true,"href":"https:\/\/laserenaradio.cl\/web\/wp-json\/wp\/v2\/tags?post=18141"}],"curies":[{"name":"wp","href":"https:\/\/api.w.org\/{rel}","templated":true}]}}