{"id":18138,"date":"2025-07-26T18:02:12","date_gmt":"2025-07-26T21:02:12","guid":{"rendered":"https:\/\/laserenaradio.cl\/web\/?p=18138"},"modified":"2025-07-26T18:02:12","modified_gmt":"2025-07-26T21:02:12","slug":"venezuela-retoma-repatriacion-aerea-desde-bolivia-para-ciudadanos-en-peru-y-chile","status":"publish","type":"post","link":"https:\/\/laserenaradio.cl\/web\/2025\/07\/26\/venezuela-retoma-repatriacion-aerea-desde-bolivia-para-ciudadanos-en-peru-y-chile\/","title":{"rendered":"Venezuela retoma repatriaci\u00f3n a\u00e9rea desde Bolivia para ciudadanos en Per\u00fa y Chile."},"content":{"rendered":"<p>Venezuela retom\u00f3 la idea de vuelos de repatriaci\u00f3n desde Bolivia para connacionales en Per\u00fa y Chile. Para regresar a su pa\u00eds, los venezolanos deben llegar a Bolivia. Si todo sale como esperado, se podr\u00edan realizar el primer vuelo a Bolivia la pr\u00f3xima semana, seg\u00fan el ministro del Interior Diosdado Cabello.<\/p>\n<p>Desde hace semanas, Venezuela ha estado coordinando estos vuelos a trav\u00e9s de su embajada en Bolivia. El Aeropuerto Internacional de Maiquet\u00eda sirve a Caracas y recibi\u00f3 un vuelo con 237 repatriados desde Estados Unidos. Cabello indic\u00f3 que se necesita garantizar que el avi\u00f3n pueda ir a Bolivia y regresar con el cupo m\u00e1ximo de pasajeros.<\/p>\n<p>El ministro subray\u00f3 como problema principal que los interesados deben trasladarse a Bolivia para hacer la solicitud, ya que sus aviones no pueden entrar a Chile o Per\u00fa. En mayo pasado, Venezuela anunci\u00f3 que preparaba vuelos desde Bolivia para connacionales en Per\u00fa, Chile y Argentina, cuyos gobiernos no permiten aterrizaje de aviones enviados por el r\u00e9gimen de Nicol\u00e1s Maduro.<\/p>\n<p>Hasta ahora, se han repatriado venezolanos en vuelos procedentes de Honduras, M\u00e9xico y Estados Unidos a trav\u00e9s del Plan Vuelta a la Patria. Un grupo de 237 venezolanos lleg\u00f3 a su pa\u00eds este viernes en una aeronave desde Texas, EE.UU., inform\u00f3 Cabello. Este vuelo es el n\u00famero 51 del Plan Vuelta a la Patria y entre los pasajeros se encuentran siete ni\u00f1os secuestrados en Estados Unidos, seg\u00fan el Gobierno venezolano.<\/p>\n","protected":false},"excerpt":{"rendered":"<p>Venezuela retom\u00f3 la idea de vuelos de repatriaci\u00f3n desde Bolivia para connacionales en Per\u00fa y Chile. Para regresar a su pa\u00eds, los venezolanos deben llegar a Bolivia. Si todo sale como esperado, se podr\u00edan realizar el primer vuelo a Bolivia la pr\u00f3xima semana, seg\u00fan el ministro del Interior Diosdado Cabello. Desde hace semanas, Venezuela ha [&hellip;]<\/p>\n","protected":false},"author":2,"featured_media":18137,"comment_status":"closed","ping_status":"open","sticky":false,"template":"","format":"standard","meta":{"_jetpack_memberships_contains_paid_content":false,"jnews-multi-image_gallery":[],"jnews_single_post":[],"jnews_primary_category":[],"jnews_social_meta":[],"jnews_paywall_metabox":[],"jnews_review":[],"enable_review":"","type":"","name":"","summary":"","brand":"","sku":"","good":[],"bad":[],"score_override":"","override_value":"","rating":[],"price":[],"jnews_override_counter":[],"jnews_post_split":[],"footnotes":""},"categories":[21],"tags":[],"class_list":["post-18138","post","type-post","status-publish","format-standard","has-post-thumbnail","hentry","category-nacional"],"jetpack_featured_media_url":"https:\/\/laserenaradio.cl\/web\/wp-content\/uploads\/2025\/07\/homepiaiextractoscrapimg_webpBoliviadesdeVenezuelavuelos_0.webp","jetpack_sharing_enabled":true,"_links":{"self":[{"href":"https:\/\/laserenaradio.cl\/web\/wp-json\/wp\/v2\/posts\/18138","targetHints":{"allow":["GET"]}}],"collection":[{"href":"https:\/\/laserenaradio.cl\/web\/wp-json\/wp\/v2\/posts"}],"about":[{"href":"https:\/\/laserenaradio.cl\/web\/wp-json\/wp\/v2\/types\/post"}],"author":[{"embeddable":true,"href":"https:\/\/laserenaradio.cl\/web\/wp-json\/wp\/v2\/users\/2"}],"replies":[{"embeddable":true,"href":"https:\/\/laserenaradio.cl\/web\/wp-json\/wp\/v2\/comments?post=18138"}],"version-history":[{"count":1,"href":"https:\/\/laserenaradio.cl\/web\/wp-json\/wp\/v2\/posts\/18138\/revisions"}],"predecessor-version":[{"id":18139,"href":"https:\/\/laserenaradio.cl\/web\/wp-json\/wp\/v2\/posts\/18138\/revisions\/18139"}],"wp:featuredmedia":[{"embeddable":true,"href":"https:\/\/laserenaradio.cl\/web\/wp-json\/wp\/v2\/media\/18137"}],"wp:attachment":[{"href":"https:\/\/laserenaradio.cl\/web\/wp-json\/wp\/v2\/media?parent=18138"}],"wp:term":[{"taxonomy":"category","embeddable":true,"href":"https:\/\/laserenaradio.cl\/web\/wp-json\/wp\/v2\/categories?post=18138"},{"taxonomy":"post_tag","embeddable":true,"href":"https:\/\/laserenaradio.cl\/web\/wp-json\/wp\/v2\/tags?post=18138"}],"curies":[{"name":"wp","href":"https:\/\/api.w.org\/{rel}","templated":true}]}}