{"id":18132,"date":"2025-07-26T12:27:18","date_gmt":"2025-07-26T15:27:18","guid":{"rendered":"https:\/\/laserenaradio.cl\/web\/?p=18132"},"modified":"2025-07-26T12:27:18","modified_gmt":"2025-07-26T15:27:18","slug":"francisco-kaminski-denuncia-extorsion-por-whatsapp","status":"publish","type":"post","link":"https:\/\/laserenaradio.cl\/web\/2025\/07\/26\/francisco-kaminski-denuncia-extorsion-por-whatsapp\/","title":{"rendered":"Francisco Kaminski denuncia extorsi\u00f3n por WhatsApp."},"content":{"rendered":"<p>Francisco Kaminski, conocido animador de radio y televisi\u00f3n, interpuso una denuncia formal por extorsi\u00f3n en la Subcomisar\u00eda de Lo Barnechea. El comunicador report\u00f3 ser v\u00edctima de amenazas que apuntaron directamente a su c\u00edrculo familiar.<\/p>\n<p>El hecho ocurri\u00f3 durante la tarde del jueves cuando Kaminski recibi\u00f3 mensajes de dos n\u00fameros distintos en WhatsApp, seg\u00fan revel\u00f3 24H. Los emisores exhibieron informaci\u00f3n personal detallada sobre \u00e9l, su exesposa y su hijo de 11 a\u00f1os, adjuntando fotograf\u00edas privadas.<\/p>\n<p>La situaci\u00f3n gener\u00f3 alarma inmediata en el comunicador. Los textos inclu\u00edan frases intimidantes como una referencia a \u201cpuerta grande o puerta chica\u201d, insinuando las \u00fanicas formas de resolver el chantaje.<\/p>\n<p>Un mensaje expl\u00edcito advert\u00eda que &#8220;nos viste el fin de semana cuando te segu\u00edamos en el Enjoy. Quieres quedar fuera de todo esto? Usted tonto no es. Somos dos colegas m\u00e1s. El jefe&#8221;. Esto gener\u00f3 temor en Kaminski sobre que sus movimientos estaban vigilados.<\/p>\n<p>Ante este complejo escenario, Kaminski acudi\u00f3 a <a href=\"https:\/\/www.carabineros.cl\/\">Carabineros<\/a> para formalizar la denuncia por intento de extorsi\u00f3n. Tras ello, seg\u00fan el citado medio, el Ministerio P\u00fablico decret\u00f3 medidas. El comunicador recibi\u00f3 un n\u00famero directo de cuadrante para contacto inmediato y rondas policiales peri\u00f3dicas en su domicilio durante 30 d\u00edas.<\/p>\n<p>Recordemos que este episodio se vincula al reciente testimonio de Kaminski como testigo en el caso del asesinato de Jos\u00e9 Felipe Reyes Ossa, el \u201cRey de Meiggs\u201d. En este contexto, el animador admiti\u00f3 p\u00fablicamente una deuda con el fallecido.<\/p>\n","protected":false},"excerpt":{"rendered":"<p>Francisco Kaminski, conocido animador de radio y televisi\u00f3n, interpuso una denuncia formal por extorsi\u00f3n en la Subcomisar\u00eda de Lo Barnechea. El comunicador report\u00f3 ser v\u00edctima de amenazas que apuntaron directamente a su c\u00edrculo familiar. El hecho ocurri\u00f3 durante la tarde del jueves cuando Kaminski recibi\u00f3 mensajes de dos n\u00fameros distintos en WhatsApp, seg\u00fan revel\u00f3 24H. [&hellip;]<\/p>\n","protected":false},"author":2,"featured_media":18131,"comment_status":"closed","ping_status":"open","sticky":false,"template":"","format":"standard","meta":{"_jetpack_memberships_contains_paid_content":false,"jnews-multi-image_gallery":[],"jnews_single_post":[],"jnews_primary_category":[],"jnews_social_meta":[],"jnews_paywall_metabox":[],"jnews_review":[],"enable_review":"","type":"","name":"","summary":"","brand":"","sku":"","good":[],"bad":[],"score_override":"","override_value":"","rating":[],"price":[],"jnews_override_counter":[],"jnews_post_split":[],"footnotes":""},"categories":[21],"tags":[],"class_list":["post-18132","post","type-post","status-publish","format-standard","has-post-thumbnail","hentry","category-nacional"],"jetpack_featured_media_url":"https:\/\/laserenaradio.cl\/web\/wp-content\/uploads\/2025\/07\/homepiaiextractoscrapimg_webpKaminskidenunciacomunicadorFranciscoKaminski_0.webp","jetpack_sharing_enabled":true,"_links":{"self":[{"href":"https:\/\/laserenaradio.cl\/web\/wp-json\/wp\/v2\/posts\/18132","targetHints":{"allow":["GET"]}}],"collection":[{"href":"https:\/\/laserenaradio.cl\/web\/wp-json\/wp\/v2\/posts"}],"about":[{"href":"https:\/\/laserenaradio.cl\/web\/wp-json\/wp\/v2\/types\/post"}],"author":[{"embeddable":true,"href":"https:\/\/laserenaradio.cl\/web\/wp-json\/wp\/v2\/users\/2"}],"replies":[{"embeddable":true,"href":"https:\/\/laserenaradio.cl\/web\/wp-json\/wp\/v2\/comments?post=18132"}],"version-history":[{"count":1,"href":"https:\/\/laserenaradio.cl\/web\/wp-json\/wp\/v2\/posts\/18132\/revisions"}],"predecessor-version":[{"id":18133,"href":"https:\/\/laserenaradio.cl\/web\/wp-json\/wp\/v2\/posts\/18132\/revisions\/18133"}],"wp:featuredmedia":[{"embeddable":true,"href":"https:\/\/laserenaradio.cl\/web\/wp-json\/wp\/v2\/media\/18131"}],"wp:attachment":[{"href":"https:\/\/laserenaradio.cl\/web\/wp-json\/wp\/v2\/media?parent=18132"}],"wp:term":[{"taxonomy":"category","embeddable":true,"href":"https:\/\/laserenaradio.cl\/web\/wp-json\/wp\/v2\/categories?post=18132"},{"taxonomy":"post_tag","embeddable":true,"href":"https:\/\/laserenaradio.cl\/web\/wp-json\/wp\/v2\/tags?post=18132"}],"curies":[{"name":"wp","href":"https:\/\/api.w.org\/{rel}","templated":true}]}}