{"id":18129,"date":"2025-07-26T12:23:34","date_gmt":"2025-07-26T15:23:34","guid":{"rendered":"https:\/\/laserenaradio.cl\/web\/?p=18129"},"modified":"2025-07-26T12:23:34","modified_gmt":"2025-07-26T15:23:34","slug":"funcionario-de-carabineros-resulta-lesionado-tras-ser-atropellado-intencionalmente-en-santiago","status":"publish","type":"post","link":"https:\/\/laserenaradio.cl\/web\/2025\/07\/26\/funcionario-de-carabineros-resulta-lesionado-tras-ser-atropellado-intencionalmente-en-santiago\/","title":{"rendered":"Funcionario de Carabineros resulta lesionado tras ser atropellado intencionalmente en Santiago."},"content":{"rendered":"<p>Un funcionario de <a href=\"https:\/\/www.carabineros.cl\/\">Carabineros<\/a> result\u00f3 lesionado tras ser atropellado intencionalmente en la intersecci\u00f3n de calle Morand\u00e9 con Alameda. Este incidente ocurri\u00f3 durante las rutinarias fiscalizaciones de tr\u00e1nsito realizadas frente a La Moneda el viernes por la tarde.<\/p>\n<p>El coronel Claudio Pavez, de la Prefectura Santiago Central, indic\u00f3 que esta persona reinici\u00f3 su marcha atropellando al funcionario. El carabinero cay\u00f3 al suelo y recibi\u00f3 atenci\u00f3n inmediata en el lugar; una patrulla cercana intervino r\u00e1pidamente.<\/p>\n<p>Se logr\u00f3 dar alcance al veh\u00edculo involucrado, deteniendo al conductor. Posteriormente, el funcionario policial lesionado fue trasladado de urgencia al Hospital Institucional de <a href=\"https:\/\/www.carabineros.cl\/\">Carabineros<\/a> para evaluaci\u00f3n m\u00e9dica. Los ex\u00e1menes confirmaron que result\u00f3 con lesiones leves, espec\u00edficamente una contusi\u00f3n en el hombro.<\/p>\n<p>Las autoridades reportaron que el conductor presentaba signos de intoxicaci\u00f3n et\u00edlica durante el incidente y ten\u00eda una orden pendiente por injurias. El coronel Pavez precis\u00f3 que &#8220;la persona lo hac\u00eda en un mal estado de intemperancia alcoh\u00f3lica&#8221;.<\/p>\n<p>El carabinero afectado, identificado como personal de la Escuela de Suboficiales prestando servicios en la 32\u00aa Comisar\u00eda de Tr\u00e1nsito, se recupera de sus lesiones. Un video de una c\u00e1mara de seguridad registr\u00f3 el atropello.<\/p>\n<p>Este caso qued\u00f3 a disposici\u00f3n del Ministerio P\u00fablico para formalizaci\u00f3n durante la jornada del s\u00e1bado. Las investigaciones continuar\u00e1n hasta determinar las circunstancias exactas del incidente y la responsabilidad penal de quien result\u00f3 en un atropello intencional.<\/p>\n","protected":false},"excerpt":{"rendered":"<p>Un funcionario de Carabineros result\u00f3 lesionado tras ser atropellado intencionalmente en la intersecci\u00f3n de calle Morand\u00e9 con Alameda. Este incidente ocurri\u00f3 durante las rutinarias fiscalizaciones de tr\u00e1nsito realizadas frente a La Moneda el viernes por la tarde. El coronel Claudio Pavez, de la Prefectura Santiago Central, indic\u00f3 que esta persona reinici\u00f3 su marcha atropellando al [&hellip;]<\/p>\n","protected":false},"author":2,"featured_media":18128,"comment_status":"closed","ping_status":"open","sticky":false,"template":"","format":"standard","meta":{"_jetpack_memberships_contains_paid_content":false,"jnews-multi-image_gallery":[],"jnews_single_post":[],"jnews_primary_category":[],"jnews_social_meta":[],"jnews_paywall_metabox":[],"jnews_review":[],"enable_review":"","type":"","name":"","summary":"","brand":"","sku":"","good":[],"bad":[],"score_override":"","override_value":"","rating":[],"price":[],"jnews_override_counter":[],"jnews_post_split":[],"footnotes":""},"categories":[21],"tags":[],"class_list":["post-18129","post","type-post","status-publish","format-standard","has-post-thumbnail","hentry","category-nacional"],"jetpack_featured_media_url":"https:\/\/laserenaradio.cl\/web\/wp-content\/uploads\/2025\/07\/homepiaiextractoscrapimg_predeterminadalaserenaradio_nacional-29.webp","jetpack_sharing_enabled":true,"_links":{"self":[{"href":"https:\/\/laserenaradio.cl\/web\/wp-json\/wp\/v2\/posts\/18129","targetHints":{"allow":["GET"]}}],"collection":[{"href":"https:\/\/laserenaradio.cl\/web\/wp-json\/wp\/v2\/posts"}],"about":[{"href":"https:\/\/laserenaradio.cl\/web\/wp-json\/wp\/v2\/types\/post"}],"author":[{"embeddable":true,"href":"https:\/\/laserenaradio.cl\/web\/wp-json\/wp\/v2\/users\/2"}],"replies":[{"embeddable":true,"href":"https:\/\/laserenaradio.cl\/web\/wp-json\/wp\/v2\/comments?post=18129"}],"version-history":[{"count":1,"href":"https:\/\/laserenaradio.cl\/web\/wp-json\/wp\/v2\/posts\/18129\/revisions"}],"predecessor-version":[{"id":18130,"href":"https:\/\/laserenaradio.cl\/web\/wp-json\/wp\/v2\/posts\/18129\/revisions\/18130"}],"wp:featuredmedia":[{"embeddable":true,"href":"https:\/\/laserenaradio.cl\/web\/wp-json\/wp\/v2\/media\/18128"}],"wp:attachment":[{"href":"https:\/\/laserenaradio.cl\/web\/wp-json\/wp\/v2\/media?parent=18129"}],"wp:term":[{"taxonomy":"category","embeddable":true,"href":"https:\/\/laserenaradio.cl\/web\/wp-json\/wp\/v2\/categories?post=18129"},{"taxonomy":"post_tag","embeddable":true,"href":"https:\/\/laserenaradio.cl\/web\/wp-json\/wp\/v2\/tags?post=18129"}],"curies":[{"name":"wp","href":"https:\/\/api.w.org\/{rel}","templated":true}]}}