{"id":18126,"date":"2025-07-26T12:20:21","date_gmt":"2025-07-26T15:20:21","guid":{"rendered":"https:\/\/laserenaradio.cl\/web\/?p=18126"},"modified":"2025-07-26T12:20:21","modified_gmt":"2025-07-26T15:20:21","slug":"rodrigo-de-paul-ficha-por-inter-miami","status":"publish","type":"post","link":"https:\/\/laserenaradio.cl\/web\/2025\/07\/26\/rodrigo-de-paul-ficha-por-inter-miami\/","title":{"rendered":"Rodrigo De Paul ficha por Inter Miami."},"content":{"rendered":"<p>Luego de varios idas y vueltas en el mercado de pases, Rodrigo De Paul dej\u00f3 oficialmente el Atl\u00e9tico de Madrid para unirse al Inter Miami de la MLS. <\/p>\n<p>Rodrigo De Paul se despide del Atl\u00e9tico de Madrid y contin\u00faa su carrera profesional en el Inter Miami. La cuenta oficial del conjunto espa\u00f1ol escribi\u00f3: &#8220;\u00a1Te deseamos lo mejor en este nuevo reto profesional, Rodri!\u201d. <\/p>\n<p>Minutos despu\u00e9s, la misma entidad estadounidense public\u00f3 un video presentando a Rodrigo De Paul con una divertida alusi\u00f3n a su apodo &#8216;Motorcito&#8217;, como si se tratara del encendido de un autom\u00f3vil. &#8220;El motor est\u00e1 encendido&#8221;, comentaron Las Garzas. <\/p>\n<p>&#8220;Aterriza otro campe\u00f3n del mundo a Miami. Bienvenido, Rodri&#8221;, agreg\u00f3 el equipo en otra publicaci\u00f3n.<\/p>\n<p>Seg\u00fan el especialista Fabrizio Romano, Rodrigo De Paul firm\u00f3 un contrato por cuatro a\u00f1os con el club de Florida. Romano tambi\u00e9n inform\u00f3 que Inter Miami pag\u00f3 la cl\u00e1usula de rescisi\u00f3n al Atl\u00e9tico de Madrid por 15 millones de euros.<\/p>\n<p>De este modo, el mediocampista argentino se unir\u00e1 al conjunto dirigido por Javier Mascherano, donde compartir\u00e1 equipo con Lionel Messi, su gran amigo tanto en cancha como fuera de ella.<\/p>\n","protected":false},"excerpt":{"rendered":"<p>Luego de varios idas y vueltas en el mercado de pases, Rodrigo De Paul dej\u00f3 oficialmente el Atl\u00e9tico de Madrid para unirse al Inter Miami de la MLS. Rodrigo De Paul se despide del Atl\u00e9tico de Madrid y contin\u00faa su carrera profesional en el Inter Miami. La cuenta oficial del conjunto espa\u00f1ol escribi\u00f3: &#8220;\u00a1Te deseamos [&hellip;]<\/p>\n","protected":false},"author":2,"featured_media":18125,"comment_status":"closed","ping_status":"open","sticky":false,"template":"","format":"standard","meta":{"_jetpack_memberships_contains_paid_content":false,"jnews-multi-image_gallery":[],"jnews_single_post":[],"jnews_primary_category":[],"jnews_social_meta":[],"jnews_paywall_metabox":[],"jnews_review":[],"enable_review":"","type":"","name":"","summary":"","brand":"","sku":"","good":[],"bad":[],"score_override":"","override_value":"","rating":[],"price":[],"jnews_override_counter":[],"jnews_post_split":[],"footnotes":""},"categories":[84],"tags":[],"class_list":["post-18126","post","type-post","status-publish","format-standard","has-post-thumbnail","hentry","category-deportes"],"jetpack_featured_media_url":"https:\/\/laserenaradio.cl\/web\/wp-content\/uploads\/2025\/07\/homepiaiextractoscrapimg_webpInterMiamiMadridprofesionalconjunto_1.webp","jetpack_sharing_enabled":true,"_links":{"self":[{"href":"https:\/\/laserenaradio.cl\/web\/wp-json\/wp\/v2\/posts\/18126","targetHints":{"allow":["GET"]}}],"collection":[{"href":"https:\/\/laserenaradio.cl\/web\/wp-json\/wp\/v2\/posts"}],"about":[{"href":"https:\/\/laserenaradio.cl\/web\/wp-json\/wp\/v2\/types\/post"}],"author":[{"embeddable":true,"href":"https:\/\/laserenaradio.cl\/web\/wp-json\/wp\/v2\/users\/2"}],"replies":[{"embeddable":true,"href":"https:\/\/laserenaradio.cl\/web\/wp-json\/wp\/v2\/comments?post=18126"}],"version-history":[{"count":1,"href":"https:\/\/laserenaradio.cl\/web\/wp-json\/wp\/v2\/posts\/18126\/revisions"}],"predecessor-version":[{"id":18127,"href":"https:\/\/laserenaradio.cl\/web\/wp-json\/wp\/v2\/posts\/18126\/revisions\/18127"}],"wp:featuredmedia":[{"embeddable":true,"href":"https:\/\/laserenaradio.cl\/web\/wp-json\/wp\/v2\/media\/18125"}],"wp:attachment":[{"href":"https:\/\/laserenaradio.cl\/web\/wp-json\/wp\/v2\/media?parent=18126"}],"wp:term":[{"taxonomy":"category","embeddable":true,"href":"https:\/\/laserenaradio.cl\/web\/wp-json\/wp\/v2\/categories?post=18126"},{"taxonomy":"post_tag","embeddable":true,"href":"https:\/\/laserenaradio.cl\/web\/wp-json\/wp\/v2\/tags?post=18126"}],"curies":[{"name":"wp","href":"https:\/\/api.w.org\/{rel}","templated":true}]}}