{"id":18123,"date":"2025-07-26T11:05:27","date_gmt":"2025-07-26T14:05:27","guid":{"rendered":"https:\/\/laserenaradio.cl\/web\/?p=18123"},"modified":"2025-07-26T11:05:27","modified_gmt":"2025-07-26T14:05:27","slug":"colo-colo-vs-real-valladolid-segundo-amistoso-internacional-en-el-estadio-monumental","status":"publish","type":"post","link":"https:\/\/laserenaradio.cl\/web\/2025\/07\/26\/colo-colo-vs-real-valladolid-segundo-amistoso-internacional-en-el-estadio-monumental\/","title":{"rendered":"Colo Colo vs Real Valladolid: segundo amistoso internacional en el Estadio Monumental"},"content":{"rendered":"<p>Este s\u00e1bado se disputa el segundo amistoso internacional entre Colo Colo vs Real Valladolid en el Estadio Monumental de Santiago. El partido, que celebra los 100 a\u00f1os del cacique, ser\u00e1 crucial para evaluar el rendimiento de los j\u00f3venes jugadores albos. En la previa, Jorge Almir\u00f3n ha mostrado confianza en ellos, pidiendo a los aficionados que les brinden apoyo y conocimiento. A diferencia del primer encuentro, donde Colo Colo sufri\u00f3 una derrota por 2-0, este juego no contar\u00e1 con el seguimiento televisivo de ESPN, sino que se transmitir\u00e1 a trav\u00e9s de Disney+ Premium.<\/p>\n<p>En la primera parte del partido en Vi\u00f1a del Mar, Fernando De Paul fue lesionado, lo que oblig\u00f3 al entrenador a mover las piezas en el equipo. El ingreso de Eduardo Villanueva result\u00f3 inesperadamente costoso para el equipo nacional, quien cometi\u00f3 un error crucial que permiti\u00f3 a Marcos Andr\u00e9 marcar el primer gol.<\/p>\n<p>El segundo partido est\u00e1 programado para este s\u00e1bado 26 de julio a partir de las 15:00 horas. Dado que no contar\u00e1 con la transmisi\u00f3n de ESPN, los fans tendr\u00e1n acceso \u00fanicamente a la plataforma de streaming Disney+ Premium para seguir el juego en vivo.<\/p>\n","protected":false},"excerpt":{"rendered":"<p>Este s\u00e1bado se disputa el segundo amistoso internacional entre Colo Colo vs Real Valladolid en el Estadio Monumental de Santiago. El partido, que celebra los 100 a\u00f1os del cacique, ser\u00e1 crucial para evaluar el rendimiento de los j\u00f3venes jugadores albos. En la previa, Jorge Almir\u00f3n ha mostrado confianza en ellos, pidiendo a los aficionados que [&hellip;]<\/p>\n","protected":false},"author":2,"featured_media":18122,"comment_status":"closed","ping_status":"open","sticky":false,"template":"","format":"standard","meta":{"_jetpack_memberships_contains_paid_content":false,"jnews-multi-image_gallery":[],"jnews_single_post":[],"jnews_primary_category":[],"jnews_social_meta":[],"jnews_paywall_metabox":[],"jnews_review":[],"enable_review":"","type":"","name":"","summary":"","brand":"","sku":"","good":[],"bad":[],"score_override":"","override_value":"","rating":[],"price":[],"jnews_override_counter":[],"jnews_post_split":[],"footnotes":""},"categories":[84],"tags":[],"class_list":["post-18123","post","type-post","status-publish","format-standard","has-post-thumbnail","hentry","category-deportes"],"jetpack_featured_media_url":"https:\/\/laserenaradio.cl\/web\/wp-content\/uploads\/2025\/07\/homepiaiextractoscrapimg_webpsegundoColoColopartidoamistoso_1.webp","jetpack_sharing_enabled":true,"_links":{"self":[{"href":"https:\/\/laserenaradio.cl\/web\/wp-json\/wp\/v2\/posts\/18123","targetHints":{"allow":["GET"]}}],"collection":[{"href":"https:\/\/laserenaradio.cl\/web\/wp-json\/wp\/v2\/posts"}],"about":[{"href":"https:\/\/laserenaradio.cl\/web\/wp-json\/wp\/v2\/types\/post"}],"author":[{"embeddable":true,"href":"https:\/\/laserenaradio.cl\/web\/wp-json\/wp\/v2\/users\/2"}],"replies":[{"embeddable":true,"href":"https:\/\/laserenaradio.cl\/web\/wp-json\/wp\/v2\/comments?post=18123"}],"version-history":[{"count":1,"href":"https:\/\/laserenaradio.cl\/web\/wp-json\/wp\/v2\/posts\/18123\/revisions"}],"predecessor-version":[{"id":18124,"href":"https:\/\/laserenaradio.cl\/web\/wp-json\/wp\/v2\/posts\/18123\/revisions\/18124"}],"wp:featuredmedia":[{"embeddable":true,"href":"https:\/\/laserenaradio.cl\/web\/wp-json\/wp\/v2\/media\/18122"}],"wp:attachment":[{"href":"https:\/\/laserenaradio.cl\/web\/wp-json\/wp\/v2\/media?parent=18123"}],"wp:term":[{"taxonomy":"category","embeddable":true,"href":"https:\/\/laserenaradio.cl\/web\/wp-json\/wp\/v2\/categories?post=18123"},{"taxonomy":"post_tag","embeddable":true,"href":"https:\/\/laserenaradio.cl\/web\/wp-json\/wp\/v2\/tags?post=18123"}],"curies":[{"name":"wp","href":"https:\/\/api.w.org\/{rel}","templated":true}]}}