{"id":18117,"date":"2025-07-26T10:51:15","date_gmt":"2025-07-26T13:51:15","guid":{"rendered":"https:\/\/laserenaradio.cl\/web\/?p=18117"},"modified":"2025-07-26T10:51:15","modified_gmt":"2025-07-26T13:51:15","slug":"hombre-de-37-anos-asesinado-a-disparos-en-puente-alto","status":"publish","type":"post","link":"https:\/\/laserenaradio.cl\/web\/2025\/07\/26\/hombre-de-37-anos-asesinado-a-disparos-en-puente-alto\/","title":{"rendered":"Hombre de 37 a\u00f1os asesinado a disparos en Puente Alto."},"content":{"rendered":"<p>Un hombre de 37 a\u00f1os fue asesinado a disparos en Puente Alto, Regi\u00f3n Metropolitana, la noche de este viernes. El crimen ocurri\u00f3 en una plaza ubicada en Eyzaguirre con Santa Alicia, en Bajos de Mena.<\/p>\n<p>La v\u00edctima contaba con antecedentes penales y acababa de salir de Santiago 1, informaron fuentes policiales. Las autoridades investigan posibles ajustes de cuentas debido a estos precedentes.<\/p>\n<p>El Equipo contra el Crimen Organizado y Homicidios (ECOH) de la <a href=\"https:\/\/www.fiscaliadechile.cl\/\">Fiscal\u00eda<\/a> se constituy\u00f3 en el lugar junto con personal de la Brigada de Homicidios (BH) Sur de la Polic\u00eda de Investigaciones (<a href=\"https:\/\/www.pdichile.cl\/\">PDI<\/a>), as\u00ed como el Laboratorio de Criminal\u00edstica.<\/p>\n<p>Seg\u00fan el fiscal Alfredo Cerri, &#8220;nos constituimos por un homicidio que se produjo en la v\u00eda p\u00fablica respecto a una persona de sexo masculino, quien recibi\u00f3 tres impactos de bala en el abdomen&#8221;.<\/p>\n<p>El subprefecto de la BH Sur, Robert Briones, indic\u00f3 que &#8220;el individuo se encontraba en la plaza cuando fue abordado por sujetos desconocidos. Estos, premunidos con armas de fuego, le dispararon provocando diversas heridas en su regi\u00f3n tor\u00e1cica&#8221;.<\/p>\n<p>A\u00fan no se conocen las identidades y paraderos de los sospechosos, quienes fueron observados por testigos y captados por c\u00e1maras del sector.<\/p>\n","protected":false},"excerpt":{"rendered":"<p>Un hombre de 37 a\u00f1os fue asesinado a disparos en Puente Alto, Regi\u00f3n Metropolitana, la noche de este viernes. El crimen ocurri\u00f3 en una plaza ubicada en Eyzaguirre con Santa Alicia, en Bajos de Mena. La v\u00edctima contaba con antecedentes penales y acababa de salir de Santiago 1, informaron fuentes policiales. Las autoridades investigan posibles [&hellip;]<\/p>\n","protected":false},"author":2,"featured_media":18116,"comment_status":"closed","ping_status":"open","sticky":false,"template":"","format":"standard","meta":{"_jetpack_memberships_contains_paid_content":false,"jnews-multi-image_gallery":[],"jnews_single_post":[],"jnews_primary_category":[],"jnews_social_meta":[],"jnews_paywall_metabox":[],"jnews_review":[],"enable_review":"","type":"","name":"","summary":"","brand":"","sku":"","good":[],"bad":[],"score_override":"","override_value":"","rating":[],"price":[],"jnews_override_counter":[],"jnews_post_split":[],"footnotes":""},"categories":[21],"tags":[],"class_list":["post-18117","post","type-post","status-publish","format-standard","has-post-thumbnail","hentry","category-nacional"],"jetpack_featured_media_url":"https:\/\/laserenaradio.cl\/web\/wp-content\/uploads\/2025\/07\/homepiaiextractoscrapimg_webpasesinadodisparosPuenteAltoplaza_0.webp","jetpack_sharing_enabled":true,"_links":{"self":[{"href":"https:\/\/laserenaradio.cl\/web\/wp-json\/wp\/v2\/posts\/18117","targetHints":{"allow":["GET"]}}],"collection":[{"href":"https:\/\/laserenaradio.cl\/web\/wp-json\/wp\/v2\/posts"}],"about":[{"href":"https:\/\/laserenaradio.cl\/web\/wp-json\/wp\/v2\/types\/post"}],"author":[{"embeddable":true,"href":"https:\/\/laserenaradio.cl\/web\/wp-json\/wp\/v2\/users\/2"}],"replies":[{"embeddable":true,"href":"https:\/\/laserenaradio.cl\/web\/wp-json\/wp\/v2\/comments?post=18117"}],"version-history":[{"count":1,"href":"https:\/\/laserenaradio.cl\/web\/wp-json\/wp\/v2\/posts\/18117\/revisions"}],"predecessor-version":[{"id":18118,"href":"https:\/\/laserenaradio.cl\/web\/wp-json\/wp\/v2\/posts\/18117\/revisions\/18118"}],"wp:featuredmedia":[{"embeddable":true,"href":"https:\/\/laserenaradio.cl\/web\/wp-json\/wp\/v2\/media\/18116"}],"wp:attachment":[{"href":"https:\/\/laserenaradio.cl\/web\/wp-json\/wp\/v2\/media?parent=18117"}],"wp:term":[{"taxonomy":"category","embeddable":true,"href":"https:\/\/laserenaradio.cl\/web\/wp-json\/wp\/v2\/categories?post=18117"},{"taxonomy":"post_tag","embeddable":true,"href":"https:\/\/laserenaradio.cl\/web\/wp-json\/wp\/v2\/tags?post=18117"}],"curies":[{"name":"wp","href":"https:\/\/api.w.org\/{rel}","templated":true}]}}