{"id":18111,"date":"2025-07-25T23:04:00","date_gmt":"2025-07-26T02:04:00","guid":{"rendered":"https:\/\/laserenaradio.cl\/web\/?p=18111"},"modified":"2025-07-25T23:04:00","modified_gmt":"2025-07-26T02:04:00","slug":"padrastro-encerrado-por-intento-de-matar-al-bebe-de-nueve-meses","status":"publish","type":"post","link":"https:\/\/laserenaradio.cl\/web\/2025\/07\/25\/padrastro-encerrado-por-intento-de-matar-al-bebe-de-nueve-meses\/","title":{"rendered":"Padrastro encerrado por intento de matar al beb\u00e9 de nueve meses."},"content":{"rendered":"<p>Este viernes, la justicia dict\u00f3 prisi\u00f3n preventiva para el padrastro, quien enfrenta el cargo de homicidio frustrado, luego de lanzarle un hervidor con agua caliente a una lactante de nueve meses en Pudahuel. El hecho ocurri\u00f3 el pasado 22 de julio, cuando en medio de una discusi\u00f3n entre la madre del beb\u00e9 y el padrastro, este habr\u00eda tomado un hervidor con agua caliente y se lo habr\u00eda lanzado al menor. Luego del hecho, el lactante fue derivado al Hospital F\u00e9lix Bulnes, donde se constat\u00f3 que ten\u00eda un 30% del cuerpo quemado. Incluso, tambi\u00e9n dio positivo por coca\u00edna, es decir que hab\u00eda sido drogado.<\/p>\n<p>Si bien en un principio a la madre del beb\u00e9 le hab\u00edan imputado el delito de parricidio frustrado, el tribunal determin\u00f3 -luego de revisar sus antecedentes entregados por <a href=\"https:\/\/www.fiscaliadechile.cl\/\">Fiscal\u00eda<\/a>&#8211; no seguir con la imputaci\u00f3n de cargos y qued\u00f3 en libertad. El fiscal Rodrigo Garrido, de la <a href=\"https:\/\/www.fiscaliadechile.cl\/\">Fiscal\u00eda<\/a> Metropolitana Occidente, complement\u00f3 que tras dictar la prisi\u00f3n preventiva del imputado, tambi\u00e9n se investigar\u00e1 el caso durante 180 d\u00edas.<\/p>\n","protected":false},"excerpt":{"rendered":"<p>Este viernes, la justicia dict\u00f3 prisi\u00f3n preventiva para el padrastro, quien enfrenta el cargo de homicidio frustrado, luego de lanzarle un hervidor con agua caliente a una lactante de nueve meses en Pudahuel. El hecho ocurri\u00f3 el pasado 22 de julio, cuando en medio de una discusi\u00f3n entre la madre del beb\u00e9 y el padrastro, [&hellip;]<\/p>\n","protected":false},"author":2,"featured_media":18110,"comment_status":"closed","ping_status":"open","sticky":false,"template":"","format":"standard","meta":{"_jetpack_memberships_contains_paid_content":false,"jnews-multi-image_gallery":[],"jnews_single_post":[],"jnews_primary_category":[],"jnews_social_meta":[],"jnews_paywall_metabox":[],"jnews_review":[],"enable_review":"","type":"","name":"","summary":"","brand":"","sku":"","good":[],"bad":[],"score_override":"","override_value":"","rating":[],"price":[],"jnews_override_counter":[],"jnews_post_split":[],"footnotes":""},"categories":[21],"tags":[],"class_list":["post-18111","post","type-post","status-publish","format-standard","has-post-thumbnail","hentry","category-nacional"],"jetpack_featured_media_url":"https:\/\/laserenaradio.cl\/web\/wp-content\/uploads\/2025\/07\/homepiaiextractoscrapimg_webppadrastrofrustradoluego_0.webp","jetpack_sharing_enabled":true,"_links":{"self":[{"href":"https:\/\/laserenaradio.cl\/web\/wp-json\/wp\/v2\/posts\/18111","targetHints":{"allow":["GET"]}}],"collection":[{"href":"https:\/\/laserenaradio.cl\/web\/wp-json\/wp\/v2\/posts"}],"about":[{"href":"https:\/\/laserenaradio.cl\/web\/wp-json\/wp\/v2\/types\/post"}],"author":[{"embeddable":true,"href":"https:\/\/laserenaradio.cl\/web\/wp-json\/wp\/v2\/users\/2"}],"replies":[{"embeddable":true,"href":"https:\/\/laserenaradio.cl\/web\/wp-json\/wp\/v2\/comments?post=18111"}],"version-history":[{"count":1,"href":"https:\/\/laserenaradio.cl\/web\/wp-json\/wp\/v2\/posts\/18111\/revisions"}],"predecessor-version":[{"id":18112,"href":"https:\/\/laserenaradio.cl\/web\/wp-json\/wp\/v2\/posts\/18111\/revisions\/18112"}],"wp:featuredmedia":[{"embeddable":true,"href":"https:\/\/laserenaradio.cl\/web\/wp-json\/wp\/v2\/media\/18110"}],"wp:attachment":[{"href":"https:\/\/laserenaradio.cl\/web\/wp-json\/wp\/v2\/media?parent=18111"}],"wp:term":[{"taxonomy":"category","embeddable":true,"href":"https:\/\/laserenaradio.cl\/web\/wp-json\/wp\/v2\/categories?post=18111"},{"taxonomy":"post_tag","embeddable":true,"href":"https:\/\/laserenaradio.cl\/web\/wp-json\/wp\/v2\/tags?post=18111"}],"curies":[{"name":"wp","href":"https:\/\/api.w.org\/{rel}","templated":true}]}}