{"id":18108,"date":"2025-07-25T23:02:31","date_gmt":"2025-07-26T02:02:31","guid":{"rendered":"https:\/\/laserenaradio.cl\/web\/?p=18108"},"modified":"2025-07-25T23:02:31","modified_gmt":"2025-07-26T02:02:31","slug":"colegio-de-profesores-rechaza-porticos-metalicos-en-escuelas","status":"publish","type":"post","link":"https:\/\/laserenaradio.cl\/web\/2025\/07\/25\/colegio-de-profesores-rechaza-porticos-metalicos-en-escuelas\/","title":{"rendered":"Colegio de Profesores rechaza p\u00f3rticos met\u00e1licos en escuelas"},"content":{"rendered":"<p>Colegio de Profesores rechaza p\u00f3rticos met\u00e1licos en escuelas, afirmando que convertir los establecimientos en c\u00e1rceles no es la soluci\u00f3n a la violencia estudiantil.<\/p>\n<p>El Gobierno propone indicaciones al proyecto de ley de Convivencia Escolar para permitir su instalaci\u00f3n, motivado por casos de violencia en distintas regiones. Tras un amplio debate sobre la implementaci\u00f3n de p\u00f3rticos met\u00e1licos en los colegios, el Gobierno se sum\u00f3 a las discusiones y present\u00f3 indicaciones al proyecto de ley de Convivencia Escolar, abriendo as\u00ed la posibilidad de su instalaci\u00f3n.<\/p>\n<p>Esta medida responde a los varios hechos de violencia que han protagonizado estudiantes de distintas partes del pa\u00eds. Para conocer la postura del Colegio de Profesores, en Podr\u00eda ser Otra Cosa, conversamos con su presidente, Mario Aguilar. El entrevistado fue enf\u00e1tico en manifestar que &#8220;no podemos convertir las escuelas en c\u00e1rceles&#8221;, ya que la medida &#8220;es muy carcelaria&#8221;. Asimismo, agreg\u00f3 que incluso algunos colegios hablan de implementar inhibidores de se\u00f1ales y eso, para Aguilar, &#8220;tambi\u00e9n tiene una connotaci\u00f3n que uno puede asociarlo m\u00e1s bien a las c\u00e1rceles&#8221;.<\/p>\n<p>Para el experto, quiz\u00e1, pueden ser necesarias medidas inmediatas que establezcan controles duros, pero resalta la importancia de abordar la violencia de manera temprana. Hay que apuntar a un trabajo con las familias. El Estado debe tener atribuciones para hacer intervenciones familiares cuando hay casos cr\u00edticos.<\/p>\n<p>M\u00e1s apoyo en recursos y profesionales dentro de colegios; as\u00ed permiten un trabajo multidisciplinario.<\/p>\n","protected":false},"excerpt":{"rendered":"<p>Colegio de Profesores rechaza p\u00f3rticos met\u00e1licos en escuelas, afirmando que convertir los establecimientos en c\u00e1rceles no es la soluci\u00f3n a la violencia estudiantil. El Gobierno propone indicaciones al proyecto de ley de Convivencia Escolar para permitir su instalaci\u00f3n, motivado por casos de violencia en distintas regiones. Tras un amplio debate sobre la implementaci\u00f3n de p\u00f3rticos [&hellip;]<\/p>\n","protected":false},"author":2,"featured_media":18107,"comment_status":"closed","ping_status":"open","sticky":false,"template":"","format":"standard","meta":{"_jetpack_memberships_contains_paid_content":false,"jnews-multi-image_gallery":[],"jnews_single_post":[],"jnews_primary_category":[],"jnews_social_meta":[],"jnews_paywall_metabox":[],"jnews_review":[],"enable_review":"","type":"","name":"","summary":"","brand":"","sku":"","good":[],"bad":[],"score_override":"","override_value":"","rating":[],"price":[],"jnews_override_counter":[],"jnews_post_split":[],"footnotes":""},"categories":[21],"tags":[],"class_list":["post-18108","post","type-post","status-publish","format-standard","has-post-thumbnail","hentry","category-nacional"],"jetpack_featured_media_url":"https:\/\/laserenaradio.cl\/web\/wp-content\/uploads\/2025\/07\/homepiaiextractoscrapimg_predeterminadalaserenaradio_nacional-28.webp","jetpack_sharing_enabled":true,"_links":{"self":[{"href":"https:\/\/laserenaradio.cl\/web\/wp-json\/wp\/v2\/posts\/18108","targetHints":{"allow":["GET"]}}],"collection":[{"href":"https:\/\/laserenaradio.cl\/web\/wp-json\/wp\/v2\/posts"}],"about":[{"href":"https:\/\/laserenaradio.cl\/web\/wp-json\/wp\/v2\/types\/post"}],"author":[{"embeddable":true,"href":"https:\/\/laserenaradio.cl\/web\/wp-json\/wp\/v2\/users\/2"}],"replies":[{"embeddable":true,"href":"https:\/\/laserenaradio.cl\/web\/wp-json\/wp\/v2\/comments?post=18108"}],"version-history":[{"count":1,"href":"https:\/\/laserenaradio.cl\/web\/wp-json\/wp\/v2\/posts\/18108\/revisions"}],"predecessor-version":[{"id":18109,"href":"https:\/\/laserenaradio.cl\/web\/wp-json\/wp\/v2\/posts\/18108\/revisions\/18109"}],"wp:featuredmedia":[{"embeddable":true,"href":"https:\/\/laserenaradio.cl\/web\/wp-json\/wp\/v2\/media\/18107"}],"wp:attachment":[{"href":"https:\/\/laserenaradio.cl\/web\/wp-json\/wp\/v2\/media?parent=18108"}],"wp:term":[{"taxonomy":"category","embeddable":true,"href":"https:\/\/laserenaradio.cl\/web\/wp-json\/wp\/v2\/categories?post=18108"},{"taxonomy":"post_tag","embeddable":true,"href":"https:\/\/laserenaradio.cl\/web\/wp-json\/wp\/v2\/tags?post=18108"}],"curies":[{"name":"wp","href":"https:\/\/api.w.org\/{rel}","templated":true}]}}