{"id":18102,"date":"2025-07-25T22:58:27","date_gmt":"2025-07-26T01:58:27","guid":{"rendered":"https:\/\/laserenaradio.cl\/web\/?p=18102"},"modified":"2025-07-25T22:58:27","modified_gmt":"2025-07-26T01:58:27","slug":"cencosud-cede-cadena-bretas-en-brasil-por-us-123-millones","status":"publish","type":"post","link":"https:\/\/laserenaradio.cl\/web\/2025\/07\/25\/cencosud-cede-cadena-bretas-en-brasil-por-us-123-millones\/","title":{"rendered":"Cencosud cede cadena Bretas en Brasil por US$ 123 millones."},"content":{"rendered":"<p>La supermercadista Cencosud, parte del grupo Paulmann, finaliz\u00f3 esta tarde la venta total de la cadena Bretas en Brasil, por unos US$ 123 millones. La transacci\u00f3n se efectu\u00f3 a trav\u00e9s de su filial Cencosud Brasil Comercial S.A., con el objetivo de fortalecer otras operaciones y mejorar la rentabilidad del capital.<\/p>\n<p>La operaci\u00f3n, anunciada el 7 de febrero, se llev\u00f3 a cabo en dos etapas. En mayo, se vendieron 32 locales de supermercados; hoy culminaron las transferencias de los restantes activos. Supermercados BH Come\u0301rcio de Alimentos obtuvo la operaci\u00f3n de 54 tiendas de supermercados, ocho estaciones de servicio, un centro de distribucio\u0301n y otros activos relacionados.<\/p>\n<p>Cencosud inform\u00f3 que el cierre se realiz\u00f3 despu\u00e9s del \u00e9xito en el procedimiento ante el Consejo Administrativo de Defensa Econo\u0301mica (CADE) para las 22 tiendas restantes. La compa\u00f1\u00eda destac\u00f3 la esperada mejora en su rentabilidad, aunque no pudo precisar el impacto exacto en los resultados.<\/p>\n<p>La venta completa de Bretas en Minas Gerais refuerza los esfuerzos de Cencosud por optimizar y fortalecer sus operaciones en Brasil.<\/p>\n","protected":false},"excerpt":{"rendered":"<p>La supermercadista Cencosud, parte del grupo Paulmann, finaliz\u00f3 esta tarde la venta total de la cadena Bretas en Brasil, por unos US$ 123 millones. La transacci\u00f3n se efectu\u00f3 a trav\u00e9s de su filial Cencosud Brasil Comercial S.A., con el objetivo de fortalecer otras operaciones y mejorar la rentabilidad del capital. La operaci\u00f3n, anunciada el 7 [&hellip;]<\/p>\n","protected":false},"author":2,"featured_media":18101,"comment_status":"closed","ping_status":"open","sticky":false,"template":"","format":"standard","meta":{"_jetpack_memberships_contains_paid_content":false,"jnews-multi-image_gallery":[],"jnews_single_post":[],"jnews_primary_category":[],"jnews_social_meta":[],"jnews_paywall_metabox":[],"jnews_review":[],"enable_review":"","type":"","name":"","summary":"","brand":"","sku":"","good":[],"bad":[],"score_override":"","override_value":"","rating":[],"price":[],"jnews_override_counter":[],"jnews_post_split":[],"footnotes":""},"categories":[85],"tags":[],"class_list":["post-18102","post","type-post","status-publish","format-standard","has-post-thumbnail","hentry","category-economia"],"jetpack_featured_media_url":"https:\/\/laserenaradio.cl\/web\/wp-content\/uploads\/2025\/07\/homepiaiextractoscrapimg_webpCencosudBretasBrasilventa_0.webp","jetpack_sharing_enabled":true,"_links":{"self":[{"href":"https:\/\/laserenaradio.cl\/web\/wp-json\/wp\/v2\/posts\/18102","targetHints":{"allow":["GET"]}}],"collection":[{"href":"https:\/\/laserenaradio.cl\/web\/wp-json\/wp\/v2\/posts"}],"about":[{"href":"https:\/\/laserenaradio.cl\/web\/wp-json\/wp\/v2\/types\/post"}],"author":[{"embeddable":true,"href":"https:\/\/laserenaradio.cl\/web\/wp-json\/wp\/v2\/users\/2"}],"replies":[{"embeddable":true,"href":"https:\/\/laserenaradio.cl\/web\/wp-json\/wp\/v2\/comments?post=18102"}],"version-history":[{"count":1,"href":"https:\/\/laserenaradio.cl\/web\/wp-json\/wp\/v2\/posts\/18102\/revisions"}],"predecessor-version":[{"id":18103,"href":"https:\/\/laserenaradio.cl\/web\/wp-json\/wp\/v2\/posts\/18102\/revisions\/18103"}],"wp:featuredmedia":[{"embeddable":true,"href":"https:\/\/laserenaradio.cl\/web\/wp-json\/wp\/v2\/media\/18101"}],"wp:attachment":[{"href":"https:\/\/laserenaradio.cl\/web\/wp-json\/wp\/v2\/media?parent=18102"}],"wp:term":[{"taxonomy":"category","embeddable":true,"href":"https:\/\/laserenaradio.cl\/web\/wp-json\/wp\/v2\/categories?post=18102"},{"taxonomy":"post_tag","embeddable":true,"href":"https:\/\/laserenaradio.cl\/web\/wp-json\/wp\/v2\/tags?post=18102"}],"curies":[{"name":"wp","href":"https:\/\/api.w.org\/{rel}","templated":true}]}}