{"id":18099,"date":"2025-07-25T22:56:14","date_gmt":"2025-07-26T01:56:14","guid":{"rendered":"https:\/\/laserenaradio.cl\/web\/?p=18099"},"modified":"2025-07-25T22:56:14","modified_gmt":"2025-07-26T01:56:14","slug":"colo-colo-confirma-ausencia-de-brayan-cortes-para-partido-contra-ohiggins","status":"publish","type":"post","link":"https:\/\/laserenaradio.cl\/web\/2025\/07\/25\/colo-colo-confirma-ausencia-de-brayan-cortes-para-partido-contra-ohiggins\/","title":{"rendered":"Colo Colo confirma ausencia de Brayan Cort\u00e9s para partido contra O&#8217;Higgins."},"content":{"rendered":"<p>El futuro de Brayan Cort\u00e9s en Colo Colo parece alejarse cada vez m\u00e1s del Monumental. En conferencia de prensa, el entrenador albo Jorge Almir\u00f3n reconoci\u00f3 abiertamente las negociaciones que el arquero mantiene con Pe\u00f1arol.<\/p>\n<p>Incluso, Almir\u00f3n fue m\u00e1s all\u00e1 y revel\u00f3 una charla personal que sostuvo con el portero de 30 a\u00f1os. &#8220;Habl\u00e9 con Brayan. Est\u00e1 esta posibilidad abierta, le atrae la opci\u00f3n de Pe\u00f1arol y, bueno, despu\u00e9s depende de las negociaciones&#8221;, dijo.<\/p>\n<p>Mientras se resuelve la situaci\u00f3n del arquero titular del \u2018Cacique\u2019 en la temporada pasada, el DT ya tom\u00f3 una decisi\u00f3n clave y es que el iquique\u00f1o no ser\u00e1 considerado para este fin de semana. &#8220;Est\u00e1 entrenando normal, pero para este partido (con los rancag\u00fcinos) no lo voy a considerar por estas cosas que tiene en la cabeza&#8221;, explic\u00f3.<\/p>\n<p>Ante esta ausencia, Fernando De Paul se consolida como el nuevo titular bajo los tres palos. Y de irse Cort\u00e9s, Almir\u00f3n aclar\u00f3 que no buscar\u00e1n reemplazante en el mercado. &#8220;(Eduardo) Villanueva est\u00e1 preparado para disputar el puesto con De Paul. Se pueden dar momentos para que se integre&#8221;, aclar\u00f3.<\/p>\n<p>Para cerrar, Almir\u00f3n entreg\u00f3 palabras de buena crianza para Cort\u00e9s. &#8220;Colo Colo te prepara para jugar en cualquier equipo y es el arquero de la selecci\u00f3n, est\u00e1 acostumbrado a la presi\u00f3n. La relaci\u00f3n es buena en lo profesional, pero hay un cari\u00f1o especial porque ataj\u00f3 casi la mayor parte de los partidos siendo yo el entrenador, y le tengo un gran respeto por su trayectoria&#8221;, cerr\u00f3.<\/p>\n<p>Cort\u00e9s, quien a\u00fan tiene contrato vigente con Colo Colo, seguir\u00e1 entrenando a la espera de una definici\u00f3n. Y si finalmente no se concreta su salida al \u2018Carbonero\u2019, volver\u00e1 a competir por el puesto en Pedrero.<\/p>\n","protected":false},"excerpt":{"rendered":"<p>El futuro de Brayan Cort\u00e9s en Colo Colo parece alejarse cada vez m\u00e1s del Monumental. En conferencia de prensa, el entrenador albo Jorge Almir\u00f3n reconoci\u00f3 abiertamente las negociaciones que el arquero mantiene con Pe\u00f1arol. Incluso, Almir\u00f3n fue m\u00e1s all\u00e1 y revel\u00f3 una charla personal que sostuvo con el portero de 30 a\u00f1os. &#8220;Habl\u00e9 con Brayan. [&hellip;]<\/p>\n","protected":false},"author":2,"featured_media":18098,"comment_status":"closed","ping_status":"open","sticky":false,"template":"","format":"standard","meta":{"_jetpack_memberships_contains_paid_content":false,"jnews-multi-image_gallery":[],"jnews_single_post":[],"jnews_primary_category":[],"jnews_social_meta":[],"jnews_paywall_metabox":[],"jnews_review":[],"enable_review":"","type":"","name":"","summary":"","brand":"","sku":"","good":[],"bad":[],"score_override":"","override_value":"","rating":[],"price":[],"jnews_override_counter":[],"jnews_post_split":[],"footnotes":""},"categories":[84],"tags":[],"class_list":["post-18099","post","type-post","status-publish","format-standard","has-post-thumbnail","hentry","category-deportes"],"jetpack_featured_media_url":"https:\/\/laserenaradio.cl\/web\/wp-content\/uploads\/2025\/07\/homepiaiextractoscrapimg_webpColoColoBrayanarqueroentrenador_0.webp","jetpack_sharing_enabled":true,"_links":{"self":[{"href":"https:\/\/laserenaradio.cl\/web\/wp-json\/wp\/v2\/posts\/18099","targetHints":{"allow":["GET"]}}],"collection":[{"href":"https:\/\/laserenaradio.cl\/web\/wp-json\/wp\/v2\/posts"}],"about":[{"href":"https:\/\/laserenaradio.cl\/web\/wp-json\/wp\/v2\/types\/post"}],"author":[{"embeddable":true,"href":"https:\/\/laserenaradio.cl\/web\/wp-json\/wp\/v2\/users\/2"}],"replies":[{"embeddable":true,"href":"https:\/\/laserenaradio.cl\/web\/wp-json\/wp\/v2\/comments?post=18099"}],"version-history":[{"count":1,"href":"https:\/\/laserenaradio.cl\/web\/wp-json\/wp\/v2\/posts\/18099\/revisions"}],"predecessor-version":[{"id":18100,"href":"https:\/\/laserenaradio.cl\/web\/wp-json\/wp\/v2\/posts\/18099\/revisions\/18100"}],"wp:featuredmedia":[{"embeddable":true,"href":"https:\/\/laserenaradio.cl\/web\/wp-json\/wp\/v2\/media\/18098"}],"wp:attachment":[{"href":"https:\/\/laserenaradio.cl\/web\/wp-json\/wp\/v2\/media?parent=18099"}],"wp:term":[{"taxonomy":"category","embeddable":true,"href":"https:\/\/laserenaradio.cl\/web\/wp-json\/wp\/v2\/categories?post=18099"},{"taxonomy":"post_tag","embeddable":true,"href":"https:\/\/laserenaradio.cl\/web\/wp-json\/wp\/v2\/tags?post=18099"}],"curies":[{"name":"wp","href":"https:\/\/api.w.org\/{rel}","templated":true}]}}