{"id":18096,"date":"2025-07-25T17:43:22","date_gmt":"2025-07-25T20:43:22","guid":{"rendered":"https:\/\/laserenaradio.cl\/web\/?p=18096"},"modified":"2025-07-25T17:43:22","modified_gmt":"2025-07-25T20:43:22","slug":"consejera-regional-denuncia-acoso-sexual-a-colega-politico","status":"publish","type":"post","link":"https:\/\/laserenaradio.cl\/web\/2025\/07\/25\/consejera-regional-denuncia-acoso-sexual-a-colega-politico\/","title":{"rendered":"Consejera regional denuncia acoso sexual a colega pol\u00edtico."},"content":{"rendered":"<p>Lorena Ram\u00edrez, consejera regional de Tarapac\u00e1 (REP), denunci\u00f3 recientemente acoso sexual por parte de su colega Jorge Mu\u00f1oz ante el Gobierno Regional y al Ministerio P\u00fablico. <\/p>\n<p>La noticia fue difundida por la publicaci\u00f3n local &#8220;La Estrella de Iquique&#8221;. Ram\u00edrez asegur\u00f3 que los incidentes no fueron aislados, habiendo ocurrido durante meses, e indic\u00f3 que se presentaron formalmente las acciones legales para proteger su dignidad y la de otras. En una entrevista con Radio ADN, se\u00f1al\u00f3 que el caso era grave y merec\u00eda atenci\u00f3n inmediata.<\/p>\n<p>Jorge Mu\u00f1oz, por su parte, rechaz\u00f3 las acusaciones, asegurando desconocer cualquier comportamiento inapropiado y prometiendo defender su honra. &#8220;No he cometido ning\u00fan acto que se pueda considerar acoso&#8221;, declar\u00f3, mientras instru\u00eda a sus abogados para tomar medidas legales en caso de necesidad.<\/p>\n","protected":false},"excerpt":{"rendered":"<p>Lorena Ram\u00edrez, consejera regional de Tarapac\u00e1 (REP), denunci\u00f3 recientemente acoso sexual por parte de su colega Jorge Mu\u00f1oz ante el Gobierno Regional y al Ministerio P\u00fablico. La noticia fue difundida por la publicaci\u00f3n local &#8220;La Estrella de Iquique&#8221;. Ram\u00edrez asegur\u00f3 que los incidentes no fueron aislados, habiendo ocurrido durante meses, e indic\u00f3 que se presentaron [&hellip;]<\/p>\n","protected":false},"author":2,"featured_media":18095,"comment_status":"closed","ping_status":"open","sticky":false,"template":"","format":"standard","meta":{"_jetpack_memberships_contains_paid_content":false,"jnews-multi-image_gallery":[],"jnews_single_post":[],"jnews_primary_category":[],"jnews_social_meta":[],"jnews_paywall_metabox":[],"jnews_review":[],"enable_review":"","type":"","name":"","summary":"","brand":"","sku":"","good":[],"bad":[],"score_override":"","override_value":"","rating":[],"price":[],"jnews_override_counter":[],"jnews_post_split":[],"footnotes":""},"categories":[21],"tags":[],"class_list":["post-18096","post","type-post","status-publish","format-standard","has-post-thumbnail","hentry","category-nacional"],"jetpack_featured_media_url":"https:\/\/laserenaradio.cl\/web\/wp-content\/uploads\/2025\/07\/homepiaiextractoscrapimg_predeterminadalaserenaradio_nacional-26.webp","jetpack_sharing_enabled":true,"_links":{"self":[{"href":"https:\/\/laserenaradio.cl\/web\/wp-json\/wp\/v2\/posts\/18096","targetHints":{"allow":["GET"]}}],"collection":[{"href":"https:\/\/laserenaradio.cl\/web\/wp-json\/wp\/v2\/posts"}],"about":[{"href":"https:\/\/laserenaradio.cl\/web\/wp-json\/wp\/v2\/types\/post"}],"author":[{"embeddable":true,"href":"https:\/\/laserenaradio.cl\/web\/wp-json\/wp\/v2\/users\/2"}],"replies":[{"embeddable":true,"href":"https:\/\/laserenaradio.cl\/web\/wp-json\/wp\/v2\/comments?post=18096"}],"version-history":[{"count":1,"href":"https:\/\/laserenaradio.cl\/web\/wp-json\/wp\/v2\/posts\/18096\/revisions"}],"predecessor-version":[{"id":18097,"href":"https:\/\/laserenaradio.cl\/web\/wp-json\/wp\/v2\/posts\/18096\/revisions\/18097"}],"wp:featuredmedia":[{"embeddable":true,"href":"https:\/\/laserenaradio.cl\/web\/wp-json\/wp\/v2\/media\/18095"}],"wp:attachment":[{"href":"https:\/\/laserenaradio.cl\/web\/wp-json\/wp\/v2\/media?parent=18096"}],"wp:term":[{"taxonomy":"category","embeddable":true,"href":"https:\/\/laserenaradio.cl\/web\/wp-json\/wp\/v2\/categories?post=18096"},{"taxonomy":"post_tag","embeddable":true,"href":"https:\/\/laserenaradio.cl\/web\/wp-json\/wp\/v2\/tags?post=18096"}],"curies":[{"name":"wp","href":"https:\/\/api.w.org\/{rel}","templated":true}]}}