{"id":18090,"date":"2025-07-25T09:51:12","date_gmt":"2025-07-25T12:51:12","guid":{"rendered":"https:\/\/laserenaradio.cl\/web\/?p=18090"},"modified":"2025-07-25T09:51:12","modified_gmt":"2025-07-25T12:51:12","slug":"el-dolar-sube-ante-perspectivas-de-una-reserva-federal-menos-flexible","status":"publish","type":"post","link":"https:\/\/laserenaradio.cl\/web\/2025\/07\/25\/el-dolar-sube-ante-perspectivas-de-una-reserva-federal-menos-flexible\/","title":{"rendered":"El d\u00f3lar sube ante perspectivas de una Reserva Federal menos flexible."},"content":{"rendered":"<p>El d\u00f3lar se preparaba para terminar el \u00faltimo d\u00eda de la semana con un cierto avance. En el mercado, tienden a predominar las perspectivas de una Reserva Federal menos flexible y persiste la preocupaci\u00f3n por los aranceles que entrar\u00edan en vigor la pr\u00f3xima semana.<\/p>\n<p>La paridad d\u00f3lar-peso sub\u00eda $2,9 hasta los $953,7 en las primeras transacciones de este viernes, despu\u00e9s de cerrar un poco m\u00e1s arriba la sesi\u00f3n de ayer. En todo caso, apunta a una ca\u00edda semanal de m\u00e1s de $10 en el registro de Bloomberg.<\/p>\n<p>Si bien el precio del d\u00f3lar se ha estado regulando, por detr\u00e1s hay una creciente apuesta de extranjeros a la depreciaci\u00f3n del peso chileno. Los no residentes registraron el mi\u00e9rcoles una posici\u00f3n neta de US$3.900 millones contra la moneda local, la m\u00e1s abultada desde febrero, tomando nota del impacto negativo que tendr\u00eda para Chile un arancel de 50% sobre el cobre.<\/p>\n<p>Los precios del cobre ca\u00edan 0,3% a US$4,46 en la Bolsa de Metales de Londres y se estabilizaban en niveles de US$5,81 en el mercado Comex estadounidense, que sigue mostrando un alto diferencial a medida que se acerca la fecha de imposici\u00f3n de las nuevas tarifas el 1 de agosto.<\/p>\n<p>Mientras tanto, el dollar index sub\u00eda 0,4% a 97,8 puntos. Las tasas de inter\u00e9s estaban estables en la parte corta de la curva de bonos del Tesoro -tras sus alzas de ayer- y ligeramente al alza en los tramos m\u00e1s largos de endeudamiento, que se acercan a niveles de 5% nuevamente.<\/p>\n<p>&#8220;Los s\u00f3lidos datos de empleo del jueves debilitaron los argumentos a favor de los recortes de tasas de la Fed&#8221;, escribi\u00f3 el analista s\u00e9nior de mercados en Oanda, Zain Vawda. &#8220;Aunque no se espera ning\u00fan recorte en su reuni\u00f3n de la pr\u00f3xima semana, las expectativas de nuevos recortes este a\u00f1o se redujeron a menos de dos, despu\u00e9s de que las solicitudes de subsidio de desempleo disminuyeran por sexta semana consecutiva&#8221;, repas\u00f3.<\/p>\n<p>&#8220;Seguimos pensando que el d\u00f3lar global puede encontrar un poco de estabilidad este verano (boreal) gracias a la subida de la inflaci\u00f3n y al aplazamiento de los recortes de tasas de la Fed, aunque es evidente que esta opini\u00f3n se opone al pesimismo generalizado sobre la divisa en el mercado&#8221;, coment\u00f3 el head global de mercados de ING, Chris Turner.<\/p>\n","protected":false},"excerpt":{"rendered":"<p>El d\u00f3lar se preparaba para terminar el \u00faltimo d\u00eda de la semana con un cierto avance. En el mercado, tienden a predominar las perspectivas de una Reserva Federal menos flexible y persiste la preocupaci\u00f3n por los aranceles que entrar\u00edan en vigor la pr\u00f3xima semana. La paridad d\u00f3lar-peso sub\u00eda $2,9 hasta los $953,7 en las primeras [&hellip;]<\/p>\n","protected":false},"author":2,"featured_media":18089,"comment_status":"closed","ping_status":"open","sticky":false,"template":"","format":"standard","meta":{"_jetpack_memberships_contains_paid_content":false,"jnews-multi-image_gallery":[],"jnews_single_post":[],"jnews_primary_category":[],"jnews_social_meta":[],"jnews_paywall_metabox":[],"jnews_review":[],"enable_review":"","type":"","name":"","summary":"","brand":"","sku":"","good":[],"bad":[],"score_override":"","override_value":"","rating":[],"price":[],"jnews_override_counter":[],"jnews_post_split":[],"footnotes":""},"categories":[85],"tags":[],"class_list":["post-18090","post","type-post","status-publish","format-standard","has-post-thumbnail","hentry","category-economia"],"jetpack_featured_media_url":"https:\/\/laserenaradio.cl\/web\/wp-content\/uploads\/2025\/07\/homepiaiextractoscrapimg_webpsemanamercadomenostasas_0.webp","jetpack_sharing_enabled":true,"_links":{"self":[{"href":"https:\/\/laserenaradio.cl\/web\/wp-json\/wp\/v2\/posts\/18090","targetHints":{"allow":["GET"]}}],"collection":[{"href":"https:\/\/laserenaradio.cl\/web\/wp-json\/wp\/v2\/posts"}],"about":[{"href":"https:\/\/laserenaradio.cl\/web\/wp-json\/wp\/v2\/types\/post"}],"author":[{"embeddable":true,"href":"https:\/\/laserenaradio.cl\/web\/wp-json\/wp\/v2\/users\/2"}],"replies":[{"embeddable":true,"href":"https:\/\/laserenaradio.cl\/web\/wp-json\/wp\/v2\/comments?post=18090"}],"version-history":[{"count":1,"href":"https:\/\/laserenaradio.cl\/web\/wp-json\/wp\/v2\/posts\/18090\/revisions"}],"predecessor-version":[{"id":18091,"href":"https:\/\/laserenaradio.cl\/web\/wp-json\/wp\/v2\/posts\/18090\/revisions\/18091"}],"wp:featuredmedia":[{"embeddable":true,"href":"https:\/\/laserenaradio.cl\/web\/wp-json\/wp\/v2\/media\/18089"}],"wp:attachment":[{"href":"https:\/\/laserenaradio.cl\/web\/wp-json\/wp\/v2\/media?parent=18090"}],"wp:term":[{"taxonomy":"category","embeddable":true,"href":"https:\/\/laserenaradio.cl\/web\/wp-json\/wp\/v2\/categories?post=18090"},{"taxonomy":"post_tag","embeddable":true,"href":"https:\/\/laserenaradio.cl\/web\/wp-json\/wp\/v2\/tags?post=18090"}],"curies":[{"name":"wp","href":"https:\/\/api.w.org\/{rel}","templated":true}]}}