{"id":18078,"date":"2025-07-25T09:33:57","date_gmt":"2025-07-25T12:33:57","guid":{"rendered":"https:\/\/laserenaradio.cl\/web\/?p=18078"},"modified":"2025-07-25T09:33:57","modified_gmt":"2025-07-25T12:33:57","slug":"balacera-con-mas-de-200-disparos-en-recoleta","status":"publish","type":"post","link":"https:\/\/laserenaradio.cl\/web\/2025\/07\/25\/balacera-con-mas-de-200-disparos-en-recoleta\/","title":{"rendered":"Balacera con m\u00e1s de 200 disparos en Recoleta."},"content":{"rendered":"<p><a href=\"https:\/\/www.carabineros.cl\/\">Carabineros<\/a> investiga una balacera con m\u00e1s de 200 disparos ocurrida esta madrugada en Recoleta. Los individuos que dispararon armas autom\u00e1ticas y semiautom\u00e1ticas ser\u00edan de una conocida banda delictual del sector.<\/p>\n<p>Durante la madrugada de este viernes, vecinos del cuadrante El Guanaco-Diego Silva-Zapadores-Lavalleja denunciaron gran cantidad de disparos. <a href=\"https:\/\/www.carabineros.cl\/\">Carabineros<\/a> se traslad\u00f3 al lugar y hall\u00f3 abundante evidencia bal\u00edstica, como tambi\u00e9n da\u00f1os en veh\u00edculos y en propiedades.<\/p>\n<p>Se cree que todo ser\u00eda un conflicto por control territorial, pero no hubo un enfrentamiento, sino m\u00e1s bien se tratar\u00eda de una forma de amedrentar a otras bandas. Por el momento, no hay detenidos.<\/p>\n","protected":false},"excerpt":{"rendered":"<p>Carabineros investiga una balacera con m\u00e1s de 200 disparos ocurrida esta madrugada en Recoleta. Los individuos que dispararon armas autom\u00e1ticas y semiautom\u00e1ticas ser\u00edan de una conocida banda delictual del sector. Durante la madrugada de este viernes, vecinos del cuadrante El Guanaco-Diego Silva-Zapadores-Lavalleja denunciaron gran cantidad de disparos. Carabineros se traslad\u00f3 al lugar y hall\u00f3 abundante [&hellip;]<\/p>\n","protected":false},"author":2,"featured_media":18077,"comment_status":"closed","ping_status":"open","sticky":false,"template":"","format":"standard","meta":{"_jetpack_memberships_contains_paid_content":false,"jnews-multi-image_gallery":[],"jnews_single_post":[],"jnews_primary_category":[],"jnews_social_meta":[],"jnews_paywall_metabox":[],"jnews_review":[],"enable_review":"","type":"","name":"","summary":"","brand":"","sku":"","good":[],"bad":[],"score_override":"","override_value":"","rating":[],"price":[],"jnews_override_counter":[],"jnews_post_split":[],"footnotes":""},"categories":[21],"tags":[],"class_list":["post-18078","post","type-post","status-publish","format-standard","has-post-thumbnail","hentry","category-nacional"],"jetpack_featured_media_url":"https:\/\/laserenaradio.cl\/web\/wp-content\/uploads\/2025\/07\/homepiaiextractoscrapimg_webpBalaceraRecoleta_0.webp","jetpack_sharing_enabled":true,"_links":{"self":[{"href":"https:\/\/laserenaradio.cl\/web\/wp-json\/wp\/v2\/posts\/18078","targetHints":{"allow":["GET"]}}],"collection":[{"href":"https:\/\/laserenaradio.cl\/web\/wp-json\/wp\/v2\/posts"}],"about":[{"href":"https:\/\/laserenaradio.cl\/web\/wp-json\/wp\/v2\/types\/post"}],"author":[{"embeddable":true,"href":"https:\/\/laserenaradio.cl\/web\/wp-json\/wp\/v2\/users\/2"}],"replies":[{"embeddable":true,"href":"https:\/\/laserenaradio.cl\/web\/wp-json\/wp\/v2\/comments?post=18078"}],"version-history":[{"count":1,"href":"https:\/\/laserenaradio.cl\/web\/wp-json\/wp\/v2\/posts\/18078\/revisions"}],"predecessor-version":[{"id":18079,"href":"https:\/\/laserenaradio.cl\/web\/wp-json\/wp\/v2\/posts\/18078\/revisions\/18079"}],"wp:featuredmedia":[{"embeddable":true,"href":"https:\/\/laserenaradio.cl\/web\/wp-json\/wp\/v2\/media\/18077"}],"wp:attachment":[{"href":"https:\/\/laserenaradio.cl\/web\/wp-json\/wp\/v2\/media?parent=18078"}],"wp:term":[{"taxonomy":"category","embeddable":true,"href":"https:\/\/laserenaradio.cl\/web\/wp-json\/wp\/v2\/categories?post=18078"},{"taxonomy":"post_tag","embeddable":true,"href":"https:\/\/laserenaradio.cl\/web\/wp-json\/wp\/v2\/tags?post=18078"}],"curies":[{"name":"wp","href":"https:\/\/api.w.org\/{rel}","templated":true}]}}