{"id":18075,"date":"2025-07-24T23:41:24","date_gmt":"2025-07-25T02:41:24","guid":{"rendered":"https:\/\/laserenaradio.cl\/web\/?p=18075"},"modified":"2025-07-24T23:41:24","modified_gmt":"2025-07-25T02:41:24","slug":"eduardo-vargas-regresa-a-chile-y-al-futbol-chileno-tras-ser-presentado-en-audax-italiano","status":"publish","type":"post","link":"https:\/\/laserenaradio.cl\/web\/2025\/07\/24\/eduardo-vargas-regresa-a-chile-y-al-futbol-chileno-tras-ser-presentado-en-audax-italiano\/","title":{"rendered":"Eduardo Vargas regresa a Chile y al f\u00fatbol chileno tras ser presentado en Audax Italiano."},"content":{"rendered":"<p>Se acabaron los rumores. El delantero Eduardo Vargas sell\u00f3 su regreso al f\u00fatbol chileno luego de ser presentado en Audax Italiano. As\u00ed, los hinchas de Universidad de Chile tendr\u00e1n que esperar para ver nuevamente a \u2018Turboman\u2019 de azul.<\/p>\n<p>Minutos despu\u00e9s de ser oficializado como atacante del cuadro de colonia, Vargas utiliz\u00f3 sus Redes Sociales para agradecer a su nuevo club. Y pegarle un palazo a la dirigencia de La U. \u201cDespu\u00e9s de casi 15 a\u00f1os jugando en el extranjero hoy vuelvo a Chile\u201d, parti\u00f3 escribiendo el delantero en Instagram.<\/p>\n<p>\u201cEstoy muy contento y agradecido por la oportunidad que me da mi nuevo club, Audax Italiano. Un club que me busc\u00f3, se mostr\u00f3 siempre interesado y negoci\u00f3 conmigo en un marco de respeto, buen trato y mostrando que me valoran y quer\u00edan contar conmigo\u201d, agreg\u00f3 \u2018Turboman\u2019.<\/p>\n<p>Luego, Eduardo Vargas destac\u00f3 que \u201cespero poder ayudar al club a lograr nuestros objetivos, sum\u00e1ndome a un grupo con ambici\u00f3n, a un club que tiene un buen proyecto y valores que comparto\u201d.<\/p>\n<p>El delantero tambi\u00e9n dedic\u00f3 palabras a los fan\u00e1ticos azules: \u201cMe gustar\u00eda dar las gracias a todos los hinchas de La U que esperaban que vuelva al club, espero que puedan entender que en este momento pasaron cosas que hicieron que eso no fuera posible\u201d. Y principalmente gracias a toda la gente del Audax que ya me muestra su cari\u00f1o en las Redes, espero que nos veamos pronto en el estadio\u201d, concluy\u00f3 \u2018Turboman\u2019.<\/p>\n","protected":false},"excerpt":{"rendered":"<p>Se acabaron los rumores. El delantero Eduardo Vargas sell\u00f3 su regreso al f\u00fatbol chileno luego de ser presentado en Audax Italiano. As\u00ed, los hinchas de Universidad de Chile tendr\u00e1n que esperar para ver nuevamente a \u2018Turboman\u2019 de azul. Minutos despu\u00e9s de ser oficializado como atacante del cuadro de colonia, Vargas utiliz\u00f3 sus Redes Sociales para [&hellip;]<\/p>\n","protected":false},"author":2,"featured_media":18074,"comment_status":"closed","ping_status":"open","sticky":false,"template":"","format":"standard","meta":{"_jetpack_memberships_contains_paid_content":false,"jnews-multi-image_gallery":[],"jnews_single_post":[],"jnews_primary_category":[],"jnews_social_meta":[],"jnews_paywall_metabox":[],"jnews_review":[],"enable_review":"","type":"","name":"","summary":"","brand":"","sku":"","good":[],"bad":[],"score_override":"","override_value":"","rating":[],"price":[],"jnews_override_counter":[],"jnews_post_split":[],"footnotes":""},"categories":[84],"tags":[],"class_list":["post-18075","post","type-post","status-publish","format-standard","has-post-thumbnail","hentry","category-deportes"],"jetpack_featured_media_url":"https:\/\/laserenaradio.cl\/web\/wp-content\/uploads\/2025\/07\/homepiaiextractoscrapimg_webpclubmedelanteroEduardoVargas_0.webp","jetpack_sharing_enabled":true,"_links":{"self":[{"href":"https:\/\/laserenaradio.cl\/web\/wp-json\/wp\/v2\/posts\/18075","targetHints":{"allow":["GET"]}}],"collection":[{"href":"https:\/\/laserenaradio.cl\/web\/wp-json\/wp\/v2\/posts"}],"about":[{"href":"https:\/\/laserenaradio.cl\/web\/wp-json\/wp\/v2\/types\/post"}],"author":[{"embeddable":true,"href":"https:\/\/laserenaradio.cl\/web\/wp-json\/wp\/v2\/users\/2"}],"replies":[{"embeddable":true,"href":"https:\/\/laserenaradio.cl\/web\/wp-json\/wp\/v2\/comments?post=18075"}],"version-history":[{"count":1,"href":"https:\/\/laserenaradio.cl\/web\/wp-json\/wp\/v2\/posts\/18075\/revisions"}],"predecessor-version":[{"id":18076,"href":"https:\/\/laserenaradio.cl\/web\/wp-json\/wp\/v2\/posts\/18075\/revisions\/18076"}],"wp:featuredmedia":[{"embeddable":true,"href":"https:\/\/laserenaradio.cl\/web\/wp-json\/wp\/v2\/media\/18074"}],"wp:attachment":[{"href":"https:\/\/laserenaradio.cl\/web\/wp-json\/wp\/v2\/media?parent=18075"}],"wp:term":[{"taxonomy":"category","embeddable":true,"href":"https:\/\/laserenaradio.cl\/web\/wp-json\/wp\/v2\/categories?post=18075"},{"taxonomy":"post_tag","embeddable":true,"href":"https:\/\/laserenaradio.cl\/web\/wp-json\/wp\/v2\/tags?post=18075"}],"curies":[{"name":"wp","href":"https:\/\/api.w.org\/{rel}","templated":true}]}}