{"id":18057,"date":"2025-07-24T19:20:19","date_gmt":"2025-07-24T22:20:19","guid":{"rendered":"https:\/\/laserenaradio.cl\/web\/?p=18057"},"modified":"2025-07-24T19:20:19","modified_gmt":"2025-07-24T22:20:19","slug":"anef-llama-a-un-paro-nacional-por-ley-sobre-licencias-medicas","status":"publish","type":"post","link":"https:\/\/laserenaradio.cl\/web\/2025\/07\/24\/anef-llama-a-un-paro-nacional-por-ley-sobre-licencias-medicas\/","title":{"rendered":"ANEF llama a un paro nacional por ley sobre licencias m\u00e9dicas."},"content":{"rendered":"<p>Ivonne Rozas, vicepresidenta de la Agrupaci\u00f3n Nacional de Empleados Fiscales (ANEF), llam\u00f3 a un paro nacional por la ingresada ley sobre licencias m\u00e9dicas del Ejecutivo, acusando: &#8220;Este gobierno nos est\u00e1 cagando&#8221;. <\/p>\n<p>Mediante un video difundido por sus cuentas personales de TikTok e Instagram, la dirigente relat\u00f3: &#8220;Ahora venimos de entregar la carta al Gobierno, al Presidente de la Rep\u00fablica, y les quiero contar y hablar en simple chileno de lo que es la ley de las licencias m\u00e9dicas. La ven\u00edan preparando hace varios meses, a espalda de los funcionarios p\u00fablicos&#8221;. <\/p>\n<p>&#8220;\u00bfSaben lo que eso significa para los trabajadores p\u00fablicos? Que este gobierno nos est\u00e1 cagando y eso no lo podemos aceptar.&#8221;<\/p>\n<p>En esa l\u00ednea, dijo que, ante ello, no hay &#8220;m\u00e1s alternativa&#8221; que la movilizaci\u00f3n, llamando a un &#8220;paro nacional&#8221;.<\/p>\n<p>Recordemos que, este jueves, desde la ANEF entregaron una misiva al Presidente Gabriel Boric exigiendo el retiro del proyecto que modifica el Subsidio por Incapacidad Laboral (SIL), el pilar m\u00e1s importante dentro del sistema de licencias m\u00e9dicas en Chile.<\/p>\n<p>El proyecto presentado por el Ejecutivo modificar\u00eda el periodo de carencia del SIL, contemplando cambios en su aplicaci\u00f3n al sector p\u00fablico y fortaleciendo las facultades de la Comp\u00edn, lo que podr\u00eda generar un ahorro neto anual de alrededor de $180.000.000, principalmente por concepto de disminuci\u00f3n del gasto.<\/p>\n<p>Ahora, al proyecto se le presenta una nueva traba m\u00e1s all\u00e1 del Congreso: una posible movilizaci\u00f3n de los funcionarios p\u00fablicos.<\/p>\n","protected":false},"excerpt":{"rendered":"<p>Ivonne Rozas, vicepresidenta de la Agrupaci\u00f3n Nacional de Empleados Fiscales (ANEF), llam\u00f3 a un paro nacional por la ingresada ley sobre licencias m\u00e9dicas del Ejecutivo, acusando: &#8220;Este gobierno nos est\u00e1 cagando&#8221;. Mediante un video difundido por sus cuentas personales de TikTok e Instagram, la dirigente relat\u00f3: &#8220;Ahora venimos de entregar la carta al Gobierno, al [&hellip;]<\/p>\n","protected":false},"author":2,"featured_media":18056,"comment_status":"closed","ping_status":"open","sticky":false,"template":"","format":"standard","meta":{"_jetpack_memberships_contains_paid_content":false,"jnews-multi-image_gallery":[],"jnews_single_post":[],"jnews_primary_category":[],"jnews_social_meta":[],"jnews_paywall_metabox":[],"jnews_review":[],"enable_review":"","type":"","name":"","summary":"","brand":"","sku":"","good":[],"bad":[],"score_override":"","override_value":"","rating":[],"price":[],"jnews_override_counter":[],"jnews_post_split":[],"footnotes":""},"categories":[21],"tags":[],"class_list":["post-18057","post","type-post","status-publish","format-standard","has-post-thumbnail","hentry","category-nacional"],"jetpack_featured_media_url":"https:\/\/laserenaradio.cl\/web\/wp-content\/uploads\/2025\/07\/homepiaiextractoscrapimg_predeterminadalaserenaradio_ultimo_minuto-5.webp","jetpack_sharing_enabled":true,"_links":{"self":[{"href":"https:\/\/laserenaradio.cl\/web\/wp-json\/wp\/v2\/posts\/18057","targetHints":{"allow":["GET"]}}],"collection":[{"href":"https:\/\/laserenaradio.cl\/web\/wp-json\/wp\/v2\/posts"}],"about":[{"href":"https:\/\/laserenaradio.cl\/web\/wp-json\/wp\/v2\/types\/post"}],"author":[{"embeddable":true,"href":"https:\/\/laserenaradio.cl\/web\/wp-json\/wp\/v2\/users\/2"}],"replies":[{"embeddable":true,"href":"https:\/\/laserenaradio.cl\/web\/wp-json\/wp\/v2\/comments?post=18057"}],"version-history":[{"count":1,"href":"https:\/\/laserenaradio.cl\/web\/wp-json\/wp\/v2\/posts\/18057\/revisions"}],"predecessor-version":[{"id":18058,"href":"https:\/\/laserenaradio.cl\/web\/wp-json\/wp\/v2\/posts\/18057\/revisions\/18058"}],"wp:featuredmedia":[{"embeddable":true,"href":"https:\/\/laserenaradio.cl\/web\/wp-json\/wp\/v2\/media\/18056"}],"wp:attachment":[{"href":"https:\/\/laserenaradio.cl\/web\/wp-json\/wp\/v2\/media?parent=18057"}],"wp:term":[{"taxonomy":"category","embeddable":true,"href":"https:\/\/laserenaradio.cl\/web\/wp-json\/wp\/v2\/categories?post=18057"},{"taxonomy":"post_tag","embeddable":true,"href":"https:\/\/laserenaradio.cl\/web\/wp-json\/wp\/v2\/tags?post=18057"}],"curies":[{"name":"wp","href":"https:\/\/api.w.org\/{rel}","templated":true}]}}