{"id":18051,"date":"2025-07-24T19:11:56","date_gmt":"2025-07-24T22:11:56","guid":{"rendered":"https:\/\/laserenaradio.cl\/web\/?p=18051"},"modified":"2025-07-24T19:11:56","modified_gmt":"2025-07-24T22:11:56","slug":"piden-prision-preventiva-a-verdugo-por-el-asesinato-del-rey-de-meiggs","status":"publish","type":"post","link":"https:\/\/laserenaradio.cl\/web\/2025\/07\/24\/piden-prision-preventiva-a-verdugo-por-el-asesinato-del-rey-de-meiggs\/","title":{"rendered":"Piden prisi\u00f3n preventiva a Verdugo por el asesinato del &#8220;Rey de Meiggs&#8221;"},"content":{"rendered":"<p>Esta tarde, la <a href=\"https:\/\/www.fiscaliadechile.cl\/\">Fiscal\u00eda<\/a> Metropolitana Oriente solicit\u00f3 prisi\u00f3n preventiva a Wilson Verdugo D\u00edaz por el crimen del \u201cRey de Meiggs\u201d, Jos\u00e9 Reyes Ossa. El acusado, due\u00f1o del restaurante \u201cLa Vaquita Sabrosa\u201d, fue detenido ayer como autor intelectual del asesinato.<\/p>\n<p>Durante la formalizaci\u00f3n, Marcelo Vargas, Jefe SACFI Oriente, y Miguel \u00c1ngel Orellana, Fiscal Jefe de Alta Complejidad Oriente, propusieron prisi\u00f3n preventiva, bas\u00e1ndose en un plan complejo que involucraba una millonaria deuda.<\/p>\n<p>Seg\u00fan la <a href=\"https:\/\/www.fiscaliadechile.cl\/\">Fiscal\u00eda<\/a>, Verdugo manten\u00eda una deuda significativa con Reyes Ossa por $1.034 millones y 80 mil d\u00f3lares, constatada en un manuscrito encontrado. D\u00edas antes del crimen, Verdugo habr\u00eda pagado a un extranjero para encargar el asesinato y el robo de un sobre.<\/p>\n<p>El plan implicaba proporcionar detalles precisos sobre la v\u00edctima: una fotograf\u00eda, domicilio en \u00d1u\u00f1oa, y la hora estimada de salida. Verdugo dej\u00f3 un sobre con $9 millones en conserjer\u00eda y se comunic\u00f3 telef\u00f3nicamente con Reyes para confirmar su recepci\u00f3n.<\/p>\n<p>La investigaci\u00f3n apunta a que Verdugo confi\u00f3 el crimen a tres imputados. Reyes fue abordado por este grupo, recibiendo reiterados disparos y perdiendo la vida. Posteriormente, cinco cartuchos fueron incautados en el domicilio de Verdugo, incluyendo uno calibre .28, sin autorizaci\u00f3n.<\/p>\n<p>Adem\u00e1s, Verdugo era socio del empresario fallecido, seg\u00fan inform\u00f3 su pareja.<\/p>\n","protected":false},"excerpt":{"rendered":"<p>Esta tarde, la Fiscal\u00eda Metropolitana Oriente solicit\u00f3 prisi\u00f3n preventiva a Wilson Verdugo D\u00edaz por el crimen del \u201cRey de Meiggs\u201d, Jos\u00e9 Reyes Ossa. El acusado, due\u00f1o del restaurante \u201cLa Vaquita Sabrosa\u201d, fue detenido ayer como autor intelectual del asesinato. Durante la formalizaci\u00f3n, Marcelo Vargas, Jefe SACFI Oriente, y Miguel \u00c1ngel Orellana, Fiscal Jefe de Alta [&hellip;]<\/p>\n","protected":false},"author":2,"featured_media":18050,"comment_status":"closed","ping_status":"open","sticky":false,"template":"","format":"standard","meta":{"_jetpack_memberships_contains_paid_content":false,"jnews-multi-image_gallery":[],"jnews_single_post":[],"jnews_primary_category":[],"jnews_social_meta":[],"jnews_paywall_metabox":[],"jnews_review":[],"enable_review":"","type":"","name":"","summary":"","brand":"","sku":"","good":[],"bad":[],"score_override":"","override_value":"","rating":[],"price":[],"jnews_override_counter":[],"jnews_post_split":[],"footnotes":""},"categories":[21],"tags":[],"class_list":["post-18051","post","type-post","status-publish","format-standard","has-post-thumbnail","hentry","category-nacional"],"jetpack_featured_media_url":"https:\/\/laserenaradio.cl\/web\/wp-content\/uploads\/2025\/07\/homepiaiextractoscrapimg_webpVerdugopreventivacrimenasesinato_0.webp","jetpack_sharing_enabled":true,"_links":{"self":[{"href":"https:\/\/laserenaradio.cl\/web\/wp-json\/wp\/v2\/posts\/18051","targetHints":{"allow":["GET"]}}],"collection":[{"href":"https:\/\/laserenaradio.cl\/web\/wp-json\/wp\/v2\/posts"}],"about":[{"href":"https:\/\/laserenaradio.cl\/web\/wp-json\/wp\/v2\/types\/post"}],"author":[{"embeddable":true,"href":"https:\/\/laserenaradio.cl\/web\/wp-json\/wp\/v2\/users\/2"}],"replies":[{"embeddable":true,"href":"https:\/\/laserenaradio.cl\/web\/wp-json\/wp\/v2\/comments?post=18051"}],"version-history":[{"count":1,"href":"https:\/\/laserenaradio.cl\/web\/wp-json\/wp\/v2\/posts\/18051\/revisions"}],"predecessor-version":[{"id":18052,"href":"https:\/\/laserenaradio.cl\/web\/wp-json\/wp\/v2\/posts\/18051\/revisions\/18052"}],"wp:featuredmedia":[{"embeddable":true,"href":"https:\/\/laserenaradio.cl\/web\/wp-json\/wp\/v2\/media\/18050"}],"wp:attachment":[{"href":"https:\/\/laserenaradio.cl\/web\/wp-json\/wp\/v2\/media?parent=18051"}],"wp:term":[{"taxonomy":"category","embeddable":true,"href":"https:\/\/laserenaradio.cl\/web\/wp-json\/wp\/v2\/categories?post=18051"},{"taxonomy":"post_tag","embeddable":true,"href":"https:\/\/laserenaradio.cl\/web\/wp-json\/wp\/v2\/tags?post=18051"}],"curies":[{"name":"wp","href":"https:\/\/api.w.org\/{rel}","templated":true}]}}