{"id":18039,"date":"2025-07-23T21:03:01","date_gmt":"2025-07-24T00:03:01","guid":{"rendered":"https:\/\/laserenaradio.cl\/web\/?p=18039"},"modified":"2025-07-23T21:03:01","modified_gmt":"2025-07-24T00:03:01","slug":"gobierno-abre-a-instalacion-de-porticos-detectores-de-metales-en-establecimientos-educacionales","status":"publish","type":"post","link":"https:\/\/laserenaradio.cl\/web\/2025\/07\/23\/gobierno-abre-a-instalacion-de-porticos-detectores-de-metales-en-establecimientos-educacionales\/","title":{"rendered":"Gobierno abre a instalaci\u00f3n de p\u00f3rticos detectores de metales en establecimientos educacionales"},"content":{"rendered":"<p>Gobierno abre a posibilidad de p\u00f3rticos detectores de metales en escuelas tras hechos violentos. Indicaci\u00f3n (N\u00b062) al proyecto de ley de Convivencia Escolar otorga facultades a sostenedores para implementar tecnolog\u00edas de seguridad. Sostenedores podr\u00e1n usar recursos destinados a identificar armas, artefactos incendiarios u otros elementos similares que pongan en riesgo la vida o integridad f\u00edsica de la comunidad educativa.<\/p>\n<p>No obstante, se establece que esta medida solo proceder\u00e1 cuando existan antecedentes fundados que justifiquen su utilizaci\u00f3n como una medida proporcional, necesaria e id\u00f3nea para prevenir delitos en el establecimiento. P\u00f3rticos causan opiniones dispares, con multas recientes aplicadas a la municipalidad de Temuco por vulnerar dignidad y privacidad.<\/p>\n<p>Alcalde de Temuco, Roberto Neira, valor\u00f3 posici\u00f3n tomada por Gobierno. Sin embargo, diputada del Frente Amplio, Emilia Schneider, considera que p\u00f3rticos no son una buena medida ya que no existir\u00eda evidencia de su eficacia en reducir hechos de violencia.<\/p>\n<p>Ministro de Educaci\u00f3n, Nicol\u00e1s Cataldo, precis\u00f3 que indicaci\u00f3n no representa cambio de postura, sino que consideran que detectores no son eficientes ni corroborados t\u00e9cnicamente. Sin embargo, se abren a discutir la medida y generan protocolos internos para regular herramientas de seguridad y acudir a fuerza policial en casos de violencia.<\/p>\n","protected":false},"excerpt":{"rendered":"<p>Gobierno abre a posibilidad de p\u00f3rticos detectores de metales en escuelas tras hechos violentos. Indicaci\u00f3n (N\u00b062) al proyecto de ley de Convivencia Escolar otorga facultades a sostenedores para implementar tecnolog\u00edas de seguridad. Sostenedores podr\u00e1n usar recursos destinados a identificar armas, artefactos incendiarios u otros elementos similares que pongan en riesgo la vida o integridad f\u00edsica [&hellip;]<\/p>\n","protected":false},"author":2,"featured_media":18038,"comment_status":"closed","ping_status":"open","sticky":false,"template":"","format":"standard","meta":{"_jetpack_memberships_contains_paid_content":false,"jnews-multi-image_gallery":[],"jnews_single_post":[],"jnews_primary_category":[],"jnews_social_meta":[],"jnews_paywall_metabox":[],"jnews_review":[],"enable_review":"","type":"","name":"","summary":"","brand":"","sku":"","good":[],"bad":[],"score_override":"","override_value":"","rating":[],"price":[],"jnews_override_counter":[],"jnews_post_split":[],"footnotes":""},"categories":[21],"tags":[],"class_list":["post-18039","post","type-post","status-publish","format-standard","has-post-thumbnail","hentry","category-nacional"],"jetpack_featured_media_url":"https:\/\/laserenaradio.cl\/web\/wp-content\/uploads\/2025\/07\/homepiaiextractoscrapimg_predeterminadalaserenaradio_nacional-25.webp","jetpack_sharing_enabled":true,"_links":{"self":[{"href":"https:\/\/laserenaradio.cl\/web\/wp-json\/wp\/v2\/posts\/18039","targetHints":{"allow":["GET"]}}],"collection":[{"href":"https:\/\/laserenaradio.cl\/web\/wp-json\/wp\/v2\/posts"}],"about":[{"href":"https:\/\/laserenaradio.cl\/web\/wp-json\/wp\/v2\/types\/post"}],"author":[{"embeddable":true,"href":"https:\/\/laserenaradio.cl\/web\/wp-json\/wp\/v2\/users\/2"}],"replies":[{"embeddable":true,"href":"https:\/\/laserenaradio.cl\/web\/wp-json\/wp\/v2\/comments?post=18039"}],"version-history":[{"count":1,"href":"https:\/\/laserenaradio.cl\/web\/wp-json\/wp\/v2\/posts\/18039\/revisions"}],"predecessor-version":[{"id":18040,"href":"https:\/\/laserenaradio.cl\/web\/wp-json\/wp\/v2\/posts\/18039\/revisions\/18040"}],"wp:featuredmedia":[{"embeddable":true,"href":"https:\/\/laserenaradio.cl\/web\/wp-json\/wp\/v2\/media\/18038"}],"wp:attachment":[{"href":"https:\/\/laserenaradio.cl\/web\/wp-json\/wp\/v2\/media?parent=18039"}],"wp:term":[{"taxonomy":"category","embeddable":true,"href":"https:\/\/laserenaradio.cl\/web\/wp-json\/wp\/v2\/categories?post=18039"},{"taxonomy":"post_tag","embeddable":true,"href":"https:\/\/laserenaradio.cl\/web\/wp-json\/wp\/v2\/tags?post=18039"}],"curies":[{"name":"wp","href":"https:\/\/api.w.org\/{rel}","templated":true}]}}