{"id":18030,"date":"2025-07-23T20:57:19","date_gmt":"2025-07-23T23:57:19","guid":{"rendered":"https:\/\/laserenaradio.cl\/web\/?p=18030"},"modified":"2025-07-23T20:57:19","modified_gmt":"2025-07-23T23:57:19","slug":"el-sernac-y-un-economista-apoyan-limitar-uso-de-unidad-de-fomento-como-indice-reajustador","status":"publish","type":"post","link":"https:\/\/laserenaradio.cl\/web\/2025\/07\/23\/el-sernac-y-un-economista-apoyan-limitar-uso-de-unidad-de-fomento-como-indice-reajustador\/","title":{"rendered":"El Sernac y un economista apoyan limitar uso de Unidad de Fomento como \u00edndice reajustador"},"content":{"rendered":"<p>Desde el 15 de julio, cuando la Comisi\u00f3n de Econom\u00eda vis\u00f3 en general el proyecto que limita la Unidad de Fomento (UF) como medio de reajustabilidad, esta iniciativa ha sido tema de debate entre expertos economistas, gremios empresariales y distintos sectores pol\u00edticos. Estos han advertido acerca de los efectos negativos que podr\u00eda generar la medida en el supuesto caso de que se convirtiera en ley.<\/p>\n<p>El martes expusieron en la Comisi\u00f3n de Econom\u00eda Andr\u00e9s Herrera, director del Sernac; y \u00c1lvaro Gallego, economista. Herrera plante\u00f3 a la comisi\u00f3n que &#8220;para el consumidor es m\u00e1s conveniente la modalidad del reajuste sobre la base del IPC que de la UF&#8221;. El director del Sernac explic\u00f3 esta postura, a\u00f1adiendo que en caso de la UF hay una capitalizaci\u00f3n diaria, un c\u00e1lculo compuesto que otorga al consumidor una mayor carga financiera, con menor predecibilidad respecto de los cobros. Versus, el IPC, en el que son m\u00e1s espaciados en el tiempo, permiten una menor carga financiera y claridad en la proyecci\u00f3n.<\/p>\n<p>Herrera se\u00f1al\u00f3 adem\u00e1s que &#8220;incluso, en t\u00e9rminos econ\u00f3micos, en periodo est\u00e1ndar, termina siendo levemente m\u00e1s conveniente el c\u00e1lculo por IPC sobre la UF&#8221;. Por su parte, Gallego hizo hincapi\u00e9 en que el sistema financiero es capaz de adaptarse a los cambios. Expres\u00f3 su convicci\u00f3n de que los \u00edndices de indexaci\u00f3n tienen que ir adecu\u00e1ndose a las circunstancias de la econom\u00eda.<\/p>\n<p>A partir de estas intervenciones, Daniel Manouchehri, uno de los autores del proyecto, se\u00f1al\u00f3 que esto confirma lo que han venido manifestando los promotores de la iniciativa. &#8220;La UF, tal como est\u00e1 siendo usada hoy, castiga a las familias en lugar de protegerlas&#8221;. Si incluso el Sernac reconoce que implica una mayor carga financiera que el IPC, \u00bfpor qu\u00e9 se sigue defendiendo su uso en contratos de corto plazo?\u201d, cuestion\u00f3.<\/p>\n<p>Por su parte, la diputada Daniella Cicardini insiti\u00f3 en que &#8220;este proyecto no elimina la UF&#8221;. Advirti\u00f3 que &#8220;esa caricatura s\u00f3lo busca confundir&#8221;, ya que quienes est\u00e1n detr\u00e1s del proyecto buscan regular el uso abusivo de la UF en contratos de corto plazo como arriendos, salud y educaci\u00f3n.<\/p>\n<p>A partir de este escenario, Manouchehri anunci\u00f3 que recogiendo las inquietudes t\u00e9cnicas y con el objetivo de avanzar en acuerdos amplios, &#8220;el proyecto ser\u00e1 perfeccionado para enfocarse exclusivamente en contratos de corto plazo&#8221;.<\/p>\n","protected":false},"excerpt":{"rendered":"<p>Desde el 15 de julio, cuando la Comisi\u00f3n de Econom\u00eda vis\u00f3 en general el proyecto que limita la Unidad de Fomento (UF) como medio de reajustabilidad, esta iniciativa ha sido tema de debate entre expertos economistas, gremios empresariales y distintos sectores pol\u00edticos. Estos han advertido acerca de los efectos negativos que podr\u00eda generar la medida [&hellip;]<\/p>\n","protected":false},"author":2,"featured_media":18029,"comment_status":"closed","ping_status":"open","sticky":false,"template":"","format":"standard","meta":{"_jetpack_memberships_contains_paid_content":false,"jnews-multi-image_gallery":[],"jnews_single_post":[],"jnews_primary_category":[],"jnews_social_meta":[],"jnews_paywall_metabox":[],"jnews_review":[],"enable_review":"","type":"","name":"","summary":"","brand":"","sku":"","good":[],"bad":[],"score_override":"","override_value":"","rating":[],"price":[],"jnews_override_counter":[],"jnews_post_split":[],"footnotes":""},"categories":[85],"tags":[],"class_list":["post-18030","post","type-post","status-publish","format-standard","has-post-thumbnail","hentry","category-economia"],"jetpack_featured_media_url":"https:\/\/laserenaradio.cl\/web\/wp-content\/uploads\/2025\/07\/homepiaiextractoscrapimg_webpSernacUnidad_0.webp","jetpack_sharing_enabled":true,"_links":{"self":[{"href":"https:\/\/laserenaradio.cl\/web\/wp-json\/wp\/v2\/posts\/18030","targetHints":{"allow":["GET"]}}],"collection":[{"href":"https:\/\/laserenaradio.cl\/web\/wp-json\/wp\/v2\/posts"}],"about":[{"href":"https:\/\/laserenaradio.cl\/web\/wp-json\/wp\/v2\/types\/post"}],"author":[{"embeddable":true,"href":"https:\/\/laserenaradio.cl\/web\/wp-json\/wp\/v2\/users\/2"}],"replies":[{"embeddable":true,"href":"https:\/\/laserenaradio.cl\/web\/wp-json\/wp\/v2\/comments?post=18030"}],"version-history":[{"count":1,"href":"https:\/\/laserenaradio.cl\/web\/wp-json\/wp\/v2\/posts\/18030\/revisions"}],"predecessor-version":[{"id":18031,"href":"https:\/\/laserenaradio.cl\/web\/wp-json\/wp\/v2\/posts\/18030\/revisions\/18031"}],"wp:featuredmedia":[{"embeddable":true,"href":"https:\/\/laserenaradio.cl\/web\/wp-json\/wp\/v2\/media\/18029"}],"wp:attachment":[{"href":"https:\/\/laserenaradio.cl\/web\/wp-json\/wp\/v2\/media?parent=18030"}],"wp:term":[{"taxonomy":"category","embeddable":true,"href":"https:\/\/laserenaradio.cl\/web\/wp-json\/wp\/v2\/categories?post=18030"},{"taxonomy":"post_tag","embeddable":true,"href":"https:\/\/laserenaradio.cl\/web\/wp-json\/wp\/v2\/tags?post=18030"}],"curies":[{"name":"wp","href":"https:\/\/api.w.org\/{rel}","templated":true}]}}