{"id":18027,"date":"2025-07-23T20:55:11","date_gmt":"2025-07-23T23:55:11","guid":{"rendered":"https:\/\/laserenaradio.cl\/web\/?p=18027"},"modified":"2025-07-23T20:55:11","modified_gmt":"2025-07-23T23:55:11","slug":"policia-peruana-busca-al-sicario-carlos-alberto-mejia-hernandez","status":"publish","type":"post","link":"https:\/\/laserenaradio.cl\/web\/2025\/07\/23\/policia-peruana-busca-al-sicario-carlos-alberto-mejia-hernandez\/","title":{"rendered":"Polic\u00eda peruana busca al sicario Carlos Alberto Mej\u00eda Hern\u00e1ndez."},"content":{"rendered":"<p>Tras confirmarse la fuga hacia Per\u00fa del sicario venezolano Carlos Alberto Mej\u00eda Hern\u00e1ndez, principal imputado por el asesinato del \u201cRey de Meeiggs\u201d en \u00d1u\u00f1oa, las autoridades peruanas desplegaron un amplio operativo para dar con su paradero. Bajo este contexto, el general Arturo Valverde, Jefe de la Regi\u00f3n Policial de Tacna, y el comandante Carlos Blanco, jefe de la Divisi\u00f3n de Unidades Especializadas de la Polic\u00eda Nacional, entregaron detalles sobre las medidas que se est\u00e1n tomando ante la liberaci\u00f3n err\u00f3nea de Mej\u00eda.<\/p>\n<p>Las autoridades peruanas tomaron conocimiento del mensaje de alerta de Chile y iniciaron diferentes operativos para dar con Mej\u00eda. Por ello, anunciaron que lo est\u00e1n buscando en Per\u00fa bajo dos posibles identidades: Daniel Rodr\u00edguez Sierra o Juan Carlos Arroyo. Las autoridades indicaron que remitieron su foto y caracter\u00edsticas a todo el personal.<\/p>\n<p>&#8220;Se est\u00e1n realizando operativos en la frontera y en diferentes puntos, principalmente atentos a los pasos que son indebidos en la zona de frontera&#8221;, explic\u00f3 el comandante Blanco. En ese sentido, precis\u00f3 que &#8220;hemos montado diversos operativos, tanto en veh\u00edculos, motocicletas, incluso con la aplicaci\u00f3n de drones, desde el Hito 1 aproximadamente hasta el Hito 26, que es una zona de posibles ingresos a nuestro territorio nacional&#8221;.<\/p>\n<p>De acuerdo a la polic\u00eda peruana, por el momento a\u00fan no se ha confirmado el ingreso de Mej\u00eda por esta zona. Sin embargo, tambi\u00e9n consideran la posibilidad de que haya utilizado un acceso por Bolivia, dado que el margen del territorio fronterizo es muy amplio.<\/p>\n<p>Informaron que concentraron sus fuerzas policiales en los pasos fronterizos de Bolognesi y Santa Rosa, lugares donde normalmente se da la migraci\u00f3n irregular. Para esta compleja b\u00fasqueda, los funcionarios peruanos desplegaron un equipo conformado por un veh\u00edculo patrullero con tripulaci\u00f3n reforzada (tres efectivos), dos motocicletas lineales o cuatrimotos, y un piloto de dron, sumando un promedio de seis a siete personas por cada grupo dentro de un rango de diez kil\u00f3metros lineales.<\/p>\n<p>El imputado se fug\u00f3 hacia Per\u00fa tan solo 48 horas despu\u00e9s de haber sido liberado de prisi\u00f3n por un grave error administrativo. El sujeto inici\u00f3 su d\u00eda con un recorrido en micro desde la Penal de Santiago 1 hacia Estaci\u00f3n Central, donde solicit\u00f3 un veh\u00edculo a trav\u00e9s de una aplicaci\u00f3n de transportes en la que pag\u00f3 $2.5 millones para llegar hasta Iquique, lugar donde estuvo alojado en un hostal.<\/p>\n<p>Luego, continu\u00f3 su viaje hacia Arica, donde finalmente cruz\u00f3 la frontera hacia Per\u00fa a trav\u00e9s de un paso no habilitado, evadiendo cualquier tipo de control migratorio.<\/p>\n","protected":false},"excerpt":{"rendered":"<p>Tras confirmarse la fuga hacia Per\u00fa del sicario venezolano Carlos Alberto Mej\u00eda Hern\u00e1ndez, principal imputado por el asesinato del \u201cRey de Meeiggs\u201d en \u00d1u\u00f1oa, las autoridades peruanas desplegaron un amplio operativo para dar con su paradero. Bajo este contexto, el general Arturo Valverde, Jefe de la Regi\u00f3n Policial de Tacna, y el comandante Carlos Blanco, [&hellip;]<\/p>\n","protected":false},"author":2,"featured_media":18026,"comment_status":"closed","ping_status":"open","sticky":false,"template":"","format":"standard","meta":{"_jetpack_memberships_contains_paid_content":false,"jnews-multi-image_gallery":[],"jnews_single_post":[],"jnews_primary_category":[],"jnews_social_meta":[],"jnews_paywall_metabox":[],"jnews_review":[],"enable_review":"","type":"","name":"","summary":"","brand":"","sku":"","good":[],"bad":[],"score_override":"","override_value":"","rating":[],"price":[],"jnews_override_counter":[],"jnews_post_split":[],"footnotes":""},"categories":[21],"tags":[],"class_list":["post-18027","post","type-post","status-publish","format-standard","has-post-thumbnail","hentry","category-nacional"],"jetpack_featured_media_url":"https:\/\/laserenaradio.cl\/web\/wp-content\/uploads\/2025\/07\/homepiaiextractoscrapimg_webpPoliciaCarlos_1.webp","jetpack_sharing_enabled":true,"_links":{"self":[{"href":"https:\/\/laserenaradio.cl\/web\/wp-json\/wp\/v2\/posts\/18027","targetHints":{"allow":["GET"]}}],"collection":[{"href":"https:\/\/laserenaradio.cl\/web\/wp-json\/wp\/v2\/posts"}],"about":[{"href":"https:\/\/laserenaradio.cl\/web\/wp-json\/wp\/v2\/types\/post"}],"author":[{"embeddable":true,"href":"https:\/\/laserenaradio.cl\/web\/wp-json\/wp\/v2\/users\/2"}],"replies":[{"embeddable":true,"href":"https:\/\/laserenaradio.cl\/web\/wp-json\/wp\/v2\/comments?post=18027"}],"version-history":[{"count":1,"href":"https:\/\/laserenaradio.cl\/web\/wp-json\/wp\/v2\/posts\/18027\/revisions"}],"predecessor-version":[{"id":18028,"href":"https:\/\/laserenaradio.cl\/web\/wp-json\/wp\/v2\/posts\/18027\/revisions\/18028"}],"wp:featuredmedia":[{"embeddable":true,"href":"https:\/\/laserenaradio.cl\/web\/wp-json\/wp\/v2\/media\/18026"}],"wp:attachment":[{"href":"https:\/\/laserenaradio.cl\/web\/wp-json\/wp\/v2\/media?parent=18027"}],"wp:term":[{"taxonomy":"category","embeddable":true,"href":"https:\/\/laserenaradio.cl\/web\/wp-json\/wp\/v2\/categories?post=18027"},{"taxonomy":"post_tag","embeddable":true,"href":"https:\/\/laserenaradio.cl\/web\/wp-json\/wp\/v2\/tags?post=18027"}],"curies":[{"name":"wp","href":"https:\/\/api.w.org\/{rel}","templated":true}]}}