{"id":18024,"date":"2025-07-23T20:52:10","date_gmt":"2025-07-23T23:52:10","guid":{"rendered":"https:\/\/laserenaradio.cl\/web\/?p=18024"},"modified":"2025-07-23T20:52:10","modified_gmt":"2025-07-23T23:52:10","slug":"espana-gana-al-desafio-de-alemania-y-llega-a-la-final-de-la-eurocopa-femenina-2025","status":"publish","type":"post","link":"https:\/\/laserenaradio.cl\/web\/2025\/07\/23\/espana-gana-al-desafio-de-alemania-y-llega-a-la-final-de-la-eurocopa-femenina-2025\/","title":{"rendered":"Espa\u00f1a gana al desaf\u00edo de Alemania y llega a la final de la Eurocopa Femenina 2025."},"content":{"rendered":"<p>La selecci\u00f3n de Espa\u00f1a logr\u00f3 vencer a Alemania en la pr\u00f3rroga y obtuvo su boleto ag\u00f3nico a la final de la Eurocopa Femenina 2025.<\/p>\n<p>En un partido tenso, Aitana Bonmat\u00ed, considerada una cracks hispana, sell\u00f3 el resultado en la pr\u00f3rroga.<\/p>\n<p>Cata Coll, quien desempe\u00f1a el papel de portera titular en la equipo dirigido por Montse Tom\u00e9, realiz\u00f3 intervenciones cruciales cada vez que fue requerida.<\/p>\n<p>Con los penales a punto de comenzar, Aitana Bonmat\u00ed, quien no hab\u00eda participado en la Eurocopa tras superar una meningitis, sac\u00f3 un remate estudiado que aprovech\u00f3 el descolocado Ann-Katrin Berger y logr\u00f3 marcar.<\/p>\n<p>Despu\u00e9s de casi dos a\u00f1os desde su victoria mundial en Australia y Nueva Zelanda, Espa\u00f1a ahora aspirar\u00e1 al doblete.<\/p>\n<p>La final entre Espa\u00f1a e Inglaterra est\u00e1 programada para el domingo 27 de julio a las 12:00 horas de Chile.<\/p>\n","protected":false},"excerpt":{"rendered":"<p>La selecci\u00f3n de Espa\u00f1a logr\u00f3 vencer a Alemania en la pr\u00f3rroga y obtuvo su boleto ag\u00f3nico a la final de la Eurocopa Femenina 2025. En un partido tenso, Aitana Bonmat\u00ed, considerada una cracks hispana, sell\u00f3 el resultado en la pr\u00f3rroga. Cata Coll, quien desempe\u00f1a el papel de portera titular en la equipo dirigido por Montse [&hellip;]<\/p>\n","protected":false},"author":2,"featured_media":18023,"comment_status":"closed","ping_status":"open","sticky":false,"template":"","format":"standard","meta":{"_jetpack_memberships_contains_paid_content":false,"jnews-multi-image_gallery":[],"jnews_single_post":[],"jnews_primary_category":[],"jnews_social_meta":[],"jnews_paywall_metabox":[],"jnews_review":[],"enable_review":"","type":"","name":"","summary":"","brand":"","sku":"","good":[],"bad":[],"score_override":"","override_value":"","rating":[],"price":[],"jnews_override_counter":[],"jnews_post_split":[],"footnotes":""},"categories":[84],"tags":[],"class_list":["post-18024","post","type-post","status-publish","format-standard","has-post-thumbnail","hentry","category-deportes"],"jetpack_featured_media_url":"https:\/\/laserenaradio.cl\/web\/wp-content\/uploads\/2025\/07\/homepiaiextractoscrapimg_webpfinalAlemaniaEurocopaFemeninaAitana_1.webp","jetpack_sharing_enabled":true,"_links":{"self":[{"href":"https:\/\/laserenaradio.cl\/web\/wp-json\/wp\/v2\/posts\/18024","targetHints":{"allow":["GET"]}}],"collection":[{"href":"https:\/\/laserenaradio.cl\/web\/wp-json\/wp\/v2\/posts"}],"about":[{"href":"https:\/\/laserenaradio.cl\/web\/wp-json\/wp\/v2\/types\/post"}],"author":[{"embeddable":true,"href":"https:\/\/laserenaradio.cl\/web\/wp-json\/wp\/v2\/users\/2"}],"replies":[{"embeddable":true,"href":"https:\/\/laserenaradio.cl\/web\/wp-json\/wp\/v2\/comments?post=18024"}],"version-history":[{"count":1,"href":"https:\/\/laserenaradio.cl\/web\/wp-json\/wp\/v2\/posts\/18024\/revisions"}],"predecessor-version":[{"id":18025,"href":"https:\/\/laserenaradio.cl\/web\/wp-json\/wp\/v2\/posts\/18024\/revisions\/18025"}],"wp:featuredmedia":[{"embeddable":true,"href":"https:\/\/laserenaradio.cl\/web\/wp-json\/wp\/v2\/media\/18023"}],"wp:attachment":[{"href":"https:\/\/laserenaradio.cl\/web\/wp-json\/wp\/v2\/media?parent=18024"}],"wp:term":[{"taxonomy":"category","embeddable":true,"href":"https:\/\/laserenaradio.cl\/web\/wp-json\/wp\/v2\/categories?post=18024"},{"taxonomy":"post_tag","embeddable":true,"href":"https:\/\/laserenaradio.cl\/web\/wp-json\/wp\/v2\/tags?post=18024"}],"curies":[{"name":"wp","href":"https:\/\/api.w.org\/{rel}","templated":true}]}}