{"id":18014,"date":"2025-07-23T09:20:03","date_gmt":"2025-07-23T12:20:03","guid":{"rendered":"https:\/\/laserenaradio.cl\/web\/?p=18014"},"modified":"2025-07-23T09:20:03","modified_gmt":"2025-07-23T12:20:03","slug":"autoridades-de-seguridad-son-investigadas-por-liberacion-de-sicario","status":"publish","type":"post","link":"https:\/\/laserenaradio.cl\/web\/2025\/07\/23\/autoridades-de-seguridad-son-investigadas-por-liberacion-de-sicario\/","title":{"rendered":"Autoridades de seguridad son investigadas por liberaci\u00f3n de sicario."},"content":{"rendered":"<p>Autoridades de seguridad se enfrentan al Senado por la liberaci\u00f3n del sicario vinculado al homicidio &#8220;Rey de Meiggs&#8221;. Ministro de Seguridad revela red de protecci\u00f3n del imputado y fallas en las fronteras.<\/p>\n<p>Fiscal Nacional confirma irregularidades en la orden de liberaci\u00f3n y la suplantaci\u00f3n de identidad. <a href=\"http:\/\/www.gendarmeria.gob.cl\/\">Gendarmer\u00eda<\/a> colabora con la investigaci\u00f3n y denuncia limitaciones estructurales.<\/p>\n<p>Ministro de Justicia destaca colaboraci\u00f3n institucional y anuncia proyecto de ley para fortalecer seguridad penitenciaria.<\/p>\n<p>Una vez m\u00e1s, diferentes autoridades encargadas de la seguridad del pa\u00eds debieron rendir cuentas ante el Congreso por la pol\u00e9mica liberaci\u00f3n de Alberto Carlos Mej\u00eda Hern\u00e1ndez, el sicario vinculado al homicidio &#8220;Rey de Meiggs&#8221;. Esta vez fue el Senado, en particular su Comisi\u00f3n de Constituci\u00f3n, el escenario de una nueva ronda de explicaciones, cr\u00edticas y silencios inc\u00f3modos.<\/p>\n<p>A la sesi\u00f3n asistieron el ministro de Seguridad, Luis Cordero; el ministro de Justicia, Jaime Gajardo; el fiscal nacional, \u00c1ngel Valencia; el director (s) de <a href=\"http:\/\/www.gendarmeria.gob.cl\/\">Gendarmer\u00eda<\/a>, Rub\u00e9n P\u00e9rez; y el jefe de la Polic\u00eda de Investigaciones, Eduardo Cerna. Todos menos uno: la presidenta (s) de la Corte Suprema, la ministra Gloria Ana Chevesich, quien volvi\u00f3 a excusarse, lo que gener\u00f3 molestia transversal.<\/p>\n<p>De hecho, la senadora Paulina N\u00fa\u00f1ez (RN), presidenta de la comisi\u00f3n, lament\u00f3 la ausencia del Poder Judicial y advirti\u00f3 que estamos frente a un hecho de extrema gravedad.<\/p>\n<p>El ministro Cordero explic\u00f3 en la instancia que no puede revelar p\u00fablicamente el paradero del imputado, pero esa informaci\u00f3n fue tratada en la parte secreta de la sesi\u00f3n. Por otra parte, s\u00ed confirm\u00f3 que Mej\u00eda se cubri\u00f3 el rostro, ocult\u00f3 un tatuaje y minti\u00f3 sobre su identidad para evitar controles, todo con ayuda de una red de apoyo que ya estar\u00eda identificada.<\/p>\n<p>Respecto a las fallas en las fronteras, reconoci\u00f3 una \u201cpermeabilidad evidente\u201d y detall\u00f3 que se trabaja con dos estrategias: presencia coordinada de fuerzas armadas y polic\u00edas, e inversi\u00f3n en vigilancia tecnol\u00f3gica en la macrozona norte.<\/p>\n<p>Desde el Ministerio P\u00fablico, el fiscal Nacional, \u00c1ngel Valencia, confirm\u00f3 que no existe resoluci\u00f3n judicial que justifique el oficio que orden\u00f3 la liberaci\u00f3n del imputado, y que este se bas\u00f3 en un documento que no figura en el expediente. En ese sentido, se investiga si hubo error, descuido, intimidaci\u00f3n o incluso soborno.<\/p>\n<p>Tambi\u00e9n, Valencia indic\u00f3 que el caso tiene dos l\u00edneas: una que indaga el crimen y otra que analiza las condiciones de su liberaci\u00f3n. Asimismo, reconoci\u00f3 que Mej\u00eda suplant\u00f3 su identidad y que en 2022 no se le tomaron huellas dactilares porque la norma que hoy lo exige entr\u00f3 en vigencia reci\u00e9n en 2023.<\/p>\n<p>Por \u00faltimo, sobre la ausencia de la Corte Suprema, Gajardo fue diplom\u00e1tico, pero no evasivo: evit\u00f3 emitir juicios, aunque advirti\u00f3 que este tipo de actitudes deterioran la confianza p\u00fablica en el sistema de justicia. Eso s\u00ed, inform\u00f3 que el m\u00e1ximo tribunal s\u00ed participar\u00e1 en la Comisi\u00f3n Coordinadora del Sistema de Justicia Penal, instancia que \u00e9l presidir\u00e1 junto a la <a href=\"https:\/\/www.fiscaliadechile.cl\/\">Fiscal\u00eda<\/a> y otros actores del sistema este viernes.<\/p>\n","protected":false},"excerpt":{"rendered":"<p>Autoridades de seguridad se enfrentan al Senado por la liberaci\u00f3n del sicario vinculado al homicidio &#8220;Rey de Meiggs&#8221;. Ministro de Seguridad revela red de protecci\u00f3n del imputado y fallas en las fronteras. Fiscal Nacional confirma irregularidades en la orden de liberaci\u00f3n y la suplantaci\u00f3n de identidad. Gendarmer\u00eda colabora con la investigaci\u00f3n y denuncia limitaciones estructurales. [&hellip;]<\/p>\n","protected":false},"author":2,"featured_media":18013,"comment_status":"closed","ping_status":"open","sticky":false,"template":"","format":"standard","meta":{"_jetpack_memberships_contains_paid_content":false,"jnews-multi-image_gallery":[],"jnews_single_post":[],"jnews_primary_category":[],"jnews_social_meta":[],"jnews_paywall_metabox":[],"jnews_review":[],"enable_review":"","type":"","name":"","summary":"","brand":"","sku":"","good":[],"bad":[],"score_override":"","override_value":"","rating":[],"price":[],"jnews_override_counter":[],"jnews_post_split":[],"footnotes":""},"categories":[21],"tags":[],"class_list":["post-18014","post","type-post","status-publish","format-standard","has-post-thumbnail","hentry","category-nacional"],"jetpack_featured_media_url":"https:\/\/laserenaradio.cl\/web\/wp-content\/uploads\/2025\/07\/homepiaiextractoscrapimg_webpsicarioimputadoidentidad_0.webp","jetpack_sharing_enabled":true,"_links":{"self":[{"href":"https:\/\/laserenaradio.cl\/web\/wp-json\/wp\/v2\/posts\/18014","targetHints":{"allow":["GET"]}}],"collection":[{"href":"https:\/\/laserenaradio.cl\/web\/wp-json\/wp\/v2\/posts"}],"about":[{"href":"https:\/\/laserenaradio.cl\/web\/wp-json\/wp\/v2\/types\/post"}],"author":[{"embeddable":true,"href":"https:\/\/laserenaradio.cl\/web\/wp-json\/wp\/v2\/users\/2"}],"replies":[{"embeddable":true,"href":"https:\/\/laserenaradio.cl\/web\/wp-json\/wp\/v2\/comments?post=18014"}],"version-history":[{"count":1,"href":"https:\/\/laserenaradio.cl\/web\/wp-json\/wp\/v2\/posts\/18014\/revisions"}],"predecessor-version":[{"id":18015,"href":"https:\/\/laserenaradio.cl\/web\/wp-json\/wp\/v2\/posts\/18014\/revisions\/18015"}],"wp:featuredmedia":[{"embeddable":true,"href":"https:\/\/laserenaradio.cl\/web\/wp-json\/wp\/v2\/media\/18013"}],"wp:attachment":[{"href":"https:\/\/laserenaradio.cl\/web\/wp-json\/wp\/v2\/media?parent=18014"}],"wp:term":[{"taxonomy":"category","embeddable":true,"href":"https:\/\/laserenaradio.cl\/web\/wp-json\/wp\/v2\/categories?post=18014"},{"taxonomy":"post_tag","embeddable":true,"href":"https:\/\/laserenaradio.cl\/web\/wp-json\/wp\/v2\/tags?post=18014"}],"curies":[{"name":"wp","href":"https:\/\/api.w.org\/{rel}","templated":true}]}}