{"id":18011,"date":"2025-07-23T09:17:50","date_gmt":"2025-07-23T12:17:50","guid":{"rendered":"https:\/\/laserenaradio.cl\/web\/?p=18011"},"modified":"2025-07-23T09:17:50","modified_gmt":"2025-07-23T12:17:50","slug":"manuel-pellegrini-rechaza-renovacion-de-su-contrato-con-real-betis","status":"publish","type":"post","link":"https:\/\/laserenaradio.cl\/web\/2025\/07\/23\/manuel-pellegrini-rechaza-renovacion-de-su-contrato-con-real-betis\/","title":{"rendered":"Manuel Pellegrini rechaza renovaci\u00f3n de su contrato con Real Betis."},"content":{"rendered":"<p>Manuel Pellegrini rechaz\u00f3 la primera oferta de renovaci\u00f3n de Real Betis. El presidente \u00c1ngel Haro confirm\u00f3 que las conversaciones quedaron congeladas, manifestando que &#8220;hemos hablado algo de su renovaci\u00f3n, no ha habido un acuerdo r\u00e1pido&#8221;. <\/p>\n<p>Haro explic\u00f3 que el club se enfoca en formar una plantilla competitiva para la temporada pr\u00f3xima. Indic\u00f3 que &#8220;ahora estamos m\u00e1s centrados en tener un equipo competitivo&#8221; y agreg\u00f3 que &#8220;es verdad que hemos hablado con Manuel de esta situaci\u00f3n, de que es su \u00faltimo a\u00f1o de contrato y que de momento no hemos concretado nada&#8221;. <\/p>\n<p>Haro resalt\u00f3 que Pellegrini tiene un a\u00f1o de contrato restante, pero sigue ilusionado y realizando un gran trabajo.<\/p>\n","protected":false},"excerpt":{"rendered":"<p>Manuel Pellegrini rechaz\u00f3 la primera oferta de renovaci\u00f3n de Real Betis. El presidente \u00c1ngel Haro confirm\u00f3 que las conversaciones quedaron congeladas, manifestando que &#8220;hemos hablado algo de su renovaci\u00f3n, no ha habido un acuerdo r\u00e1pido&#8221;. Haro explic\u00f3 que el club se enfoca en formar una plantilla competitiva para la temporada pr\u00f3xima. Indic\u00f3 que &#8220;ahora estamos [&hellip;]<\/p>\n","protected":false},"author":2,"featured_media":18010,"comment_status":"closed","ping_status":"open","sticky":false,"template":"","format":"standard","meta":{"_jetpack_memberships_contains_paid_content":false,"jnews-multi-image_gallery":[],"jnews_single_post":[],"jnews_primary_category":[],"jnews_social_meta":[],"jnews_paywall_metabox":[],"jnews_review":[],"enable_review":"","type":"","name":"","summary":"","brand":"","sku":"","good":[],"bad":[],"score_override":"","override_value":"","rating":[],"price":[],"jnews_override_counter":[],"jnews_post_split":[],"footnotes":""},"categories":[84],"tags":[],"class_list":["post-18011","post","type-post","status-publish","format-standard","has-post-thumbnail","hentry","category-deportes"],"jetpack_featured_media_url":"https:\/\/laserenaradio.cl\/web\/wp-content\/uploads\/2025\/07\/homepiaiextractoscrapimg_webpHarohemoscontratoManuelPellegrini_1.webp","jetpack_sharing_enabled":true,"_links":{"self":[{"href":"https:\/\/laserenaradio.cl\/web\/wp-json\/wp\/v2\/posts\/18011","targetHints":{"allow":["GET"]}}],"collection":[{"href":"https:\/\/laserenaradio.cl\/web\/wp-json\/wp\/v2\/posts"}],"about":[{"href":"https:\/\/laserenaradio.cl\/web\/wp-json\/wp\/v2\/types\/post"}],"author":[{"embeddable":true,"href":"https:\/\/laserenaradio.cl\/web\/wp-json\/wp\/v2\/users\/2"}],"replies":[{"embeddable":true,"href":"https:\/\/laserenaradio.cl\/web\/wp-json\/wp\/v2\/comments?post=18011"}],"version-history":[{"count":1,"href":"https:\/\/laserenaradio.cl\/web\/wp-json\/wp\/v2\/posts\/18011\/revisions"}],"predecessor-version":[{"id":18012,"href":"https:\/\/laserenaradio.cl\/web\/wp-json\/wp\/v2\/posts\/18011\/revisions\/18012"}],"wp:featuredmedia":[{"embeddable":true,"href":"https:\/\/laserenaradio.cl\/web\/wp-json\/wp\/v2\/media\/18010"}],"wp:attachment":[{"href":"https:\/\/laserenaradio.cl\/web\/wp-json\/wp\/v2\/media?parent=18011"}],"wp:term":[{"taxonomy":"category","embeddable":true,"href":"https:\/\/laserenaradio.cl\/web\/wp-json\/wp\/v2\/categories?post=18011"},{"taxonomy":"post_tag","embeddable":true,"href":"https:\/\/laserenaradio.cl\/web\/wp-json\/wp\/v2\/tags?post=18011"}],"curies":[{"name":"wp","href":"https:\/\/api.w.org\/{rel}","templated":true}]}}