{"id":17984,"date":"2025-07-22T21:42:14","date_gmt":"2025-07-23T00:42:14","guid":{"rendered":"https:\/\/laserenaradio.cl\/web\/?p=17984"},"modified":"2025-07-22T21:42:14","modified_gmt":"2025-07-23T00:42:14","slug":"denuncian-falsedad-en-caso-de-deportacion-de-chileno-a-guatemala-por-usa","status":"publish","type":"post","link":"https:\/\/laserenaradio.cl\/web\/2025\/07\/22\/denuncian-falsedad-en-caso-de-deportacion-de-chileno-a-guatemala-por-usa\/","title":{"rendered":"Denuncian falsedad en caso de deportaci\u00f3n de chileno a Guatemala por USA"},"content":{"rendered":"<p>Despu\u00e9s que medios nacionales e internacionales publicaron que Luis Le\u00f3n, chileno de 82 a\u00f1os, hab\u00eda sido deportado por Estados Unidos a Guatemala tras perder su tarjeta de residencia; el Instituto Guatemalteco de Migraci\u00f3n y el Departamento de Seguridad Nacional (DHS) estadounidense negaron la informaci\u00f3n, calific\u00e1ndola como un enga\u00f1o. Adem\u00e1s, se confirm\u00f3 que la fotograf\u00eda difundida sobre \u00e9l corresponde en realidad a otro chileno fallecido.<\/p>\n<p>En concreto, todo surgi\u00f3 por una historia difundida por el medio estadounidense The Morning Call, respecto a la supuesta desaparici\u00f3n del adulto mayor, en junio de 2025. En la publicaci\u00f3n, la supuesta familia del chileno relata que el 20 de junio de este a\u00f1o, Le\u00f3n junto a su se\u00f1ora fueron a una oficina del Servicio de Inmigraci\u00f3n (ICE) en Filadelfia, para reemplazar su tarjeta de residencia que hab\u00eda perdido. All\u00ed, seg\u00fan el relato, fue esposado por agentes del ICE, sin mayores explicaciones, mientras su esposa fue retenida.<\/p>\n<p>Pasaron semanas y la familia dijo recibir informaci\u00f3n de que el adulto mayor habr\u00eda sido trasladado a un centro de detenci\u00f3n en Minnesota, y luego deportado a Guatemala, donde habr\u00eda sido encontrado hospitalizado. No obstante, seg\u00fan consign\u00f3 Fast Check, esta historia ser\u00eda falsa y fue desmentida por autoridades.<\/p>\n<p>El pasado 20 de julio, mediante un comunicado, el Instituto Guatemalteco de Migraci\u00f3n (IGM) asegur\u00f3 que \u201ca la fecha, y conforme a los registros oficiales, no hemos recibido a personas de origen sudamericano en el Centro de Recepci\u00f3n de Retornados\u201d. Agregando que \u201cno figura ninguna persona que coincida con el nombre, edad y nacionalidad\u201d de quienes los medios describieron como Luis Le\u00f3n.<\/p>\n<p>El IGM explic\u00f3 que Guatemala no recibe deportados sudamericanos desde Estados Unidos, ya que el convenio con ICE contempla solamente personas de origen centroamericano. Adem\u00e1s, Mar\u00eda del Mar Enamorado, encargada de comunicaciones de la organizaci\u00f3n, explic\u00f3 a Agencia Ocote que no han recibido ninguna solicitud de b\u00fasqueda ni contacto desde otras instituciones, como el <a href=\"http:\/\/www.minsal.cl\/\">Ministerio de Salud<\/a> de Guatemala, se\u00f1alando que el no tener el nombre completo de Le\u00f3n limita su capacidad de rastreo, pero que, aun as\u00ed, \u201cdentro de nuestro sistema no figura ninguna persona con estas caracter\u00edsticas\u201d.<\/p>\n<p>Por otra parte, el Servicio de Inmigraci\u00f3n y Control de Aduanas de Estados Unidos (ICE), a trav\u00e9s del Departamento de Seguridad Nacional (DHS), fue m\u00e1s categ\u00f3rico y calific\u00f3 como un \u201cenga\u00f1o\u201d el caso de Luis Le\u00f3n. \u201cICE nunca arrest\u00f3 ni deport\u00f3 a Luis Le\u00f3n a Guatemala. Tampoco \u2018desaparece\u2019 personas. Esta fue una mentira categ\u00f3rica impulsada para demonizar a los agentes migratorios\u201c, se\u00f1alaron, mediante un comunicado en su sitio web.<\/p>\n<p>En esa l\u00ednea, dijeron que no existen registros de que el ciudadano chileno haya ido a renovar su green card en Filadelfia el 20 de junio, como asegur\u00f3 su familia. Agregando que el \u00fanico ingreso oficial de Luis Le\u00f3n a Estados Unidos fue en 2017.<\/p>\n<p>Fast Check confirm\u00f3 que la foto con la que los medios identificaban a Luis Le\u00f3n correspond\u00eda a otra persona. Se trata de Manuel Gonz\u00e1lez, quien falleci\u00f3 en febrero de 2021.<\/p>\n<p>Su hijo, Jaime Gonzalez, explic\u00f3 que \u201cesa foto es m\u00eda. Fue tomada en la casa de mi hermano. Mi pap\u00e1 falleci\u00f3 el 5 de febrero de 2021, producto de una neumon\u00eda. Era un hombre tranquilo, jam\u00e1s ligado a la pol\u00edtica\u201d.<\/p>\n<p>Adem\u00e1s circula otra fotograf\u00eda que tambi\u00e9n corresponde al fallecido, lo que fue confirmado por su hijo y por el propio medio. Gonz\u00e1lez indic\u00f3 que tiene un hermano fallecido en 2017, quien ten\u00eda una hija residente en Estados Unidos. No obstante, dijo que no tiene contacto con ella y desconoce si es responsable de la difusi\u00f3n de la fotograf\u00eda en el art\u00edculo de The Morning Call.<\/p>\n","protected":false},"excerpt":{"rendered":"<p>Despu\u00e9s que medios nacionales e internacionales publicaron que Luis Le\u00f3n, chileno de 82 a\u00f1os, hab\u00eda sido deportado por Estados Unidos a Guatemala tras perder su tarjeta de residencia; el Instituto Guatemalteco de Migraci\u00f3n y el Departamento de Seguridad Nacional (DHS) estadounidense negaron la informaci\u00f3n, calific\u00e1ndola como un enga\u00f1o. Adem\u00e1s, se confirm\u00f3 que la fotograf\u00eda difundida [&hellip;]<\/p>\n","protected":false},"author":2,"featured_media":17983,"comment_status":"closed","ping_status":"open","sticky":false,"template":"","format":"standard","meta":{"_jetpack_memberships_contains_paid_content":false,"jnews-multi-image_gallery":[],"jnews_single_post":[],"jnews_primary_category":[],"jnews_social_meta":[],"jnews_paywall_metabox":[],"jnews_review":[],"enable_review":"","type":"","name":"","summary":"","brand":"","sku":"","good":[],"bad":[],"score_override":"","override_value":"","rating":[],"price":[],"jnews_override_counter":[],"jnews_post_split":[],"footnotes":""},"categories":[21],"tags":[],"class_list":["post-17984","post","type-post","status-publish","format-standard","has-post-thumbnail","hentry","category-nacional"],"jetpack_featured_media_url":"https:\/\/laserenaradio.cl\/web\/wp-content\/uploads\/2025\/07\/homepiaiextractoscrapimg_webpDenuncianGuatemala_0.webp","jetpack_sharing_enabled":true,"_links":{"self":[{"href":"https:\/\/laserenaradio.cl\/web\/wp-json\/wp\/v2\/posts\/17984","targetHints":{"allow":["GET"]}}],"collection":[{"href":"https:\/\/laserenaradio.cl\/web\/wp-json\/wp\/v2\/posts"}],"about":[{"href":"https:\/\/laserenaradio.cl\/web\/wp-json\/wp\/v2\/types\/post"}],"author":[{"embeddable":true,"href":"https:\/\/laserenaradio.cl\/web\/wp-json\/wp\/v2\/users\/2"}],"replies":[{"embeddable":true,"href":"https:\/\/laserenaradio.cl\/web\/wp-json\/wp\/v2\/comments?post=17984"}],"version-history":[{"count":1,"href":"https:\/\/laserenaradio.cl\/web\/wp-json\/wp\/v2\/posts\/17984\/revisions"}],"predecessor-version":[{"id":17985,"href":"https:\/\/laserenaradio.cl\/web\/wp-json\/wp\/v2\/posts\/17984\/revisions\/17985"}],"wp:featuredmedia":[{"embeddable":true,"href":"https:\/\/laserenaradio.cl\/web\/wp-json\/wp\/v2\/media\/17983"}],"wp:attachment":[{"href":"https:\/\/laserenaradio.cl\/web\/wp-json\/wp\/v2\/media?parent=17984"}],"wp:term":[{"taxonomy":"category","embeddable":true,"href":"https:\/\/laserenaradio.cl\/web\/wp-json\/wp\/v2\/categories?post=17984"},{"taxonomy":"post_tag","embeddable":true,"href":"https:\/\/laserenaradio.cl\/web\/wp-json\/wp\/v2\/tags?post=17984"}],"curies":[{"name":"wp","href":"https:\/\/api.w.org\/{rel}","templated":true}]}}