{"id":17975,"date":"2025-07-22T17:43:17","date_gmt":"2025-07-22T20:43:17","guid":{"rendered":"https:\/\/laserenaradio.cl\/web\/?p=17975"},"modified":"2025-07-22T17:43:17","modified_gmt":"2025-07-22T20:43:17","slug":"criticas-a-feria-no-sexista-en-colegio-por-performance-de-drag-queen-con-menores","status":"publish","type":"post","link":"https:\/\/laserenaradio.cl\/web\/2025\/07\/22\/criticas-a-feria-no-sexista-en-colegio-por-performance-de-drag-queen-con-menores\/","title":{"rendered":"Cr\u00edticas a feria &#8220;no sexista&#8221; en colegio por performance de drag queen con menores."},"content":{"rendered":"<p>Este lunes, el Instituto Nacional realiz\u00f3 una &#8220;Feria no sexista&#8221; que desat\u00f3 cr\u00edticas por invitar a una drag queen a realizar una performance frente a menores de edad. La actividad fue promocionada en Instagram por la Secretar\u00eda de G\u00e9nero y Disidencias sexuales del colegio, con el objetivo de ofrecer talleres y stands sobre g\u00e9nero, diversidad, derechos humanos y educaci\u00f3n no sexista bajo la consigna &#8220;\u00a1Construyamos una educaci\u00f3n m\u00e1s justa!&#8221;. Bajo ese contexto, la feria estuvo dirigida a estudiantes y funcionarios del Instituto Nacional en busca de generar instancias de reflexi\u00f3n y aprendizaje.<\/p>\n<p>Sin embargo, seg\u00fan indica Ex-Ante, el video difundido a trav\u00e9s de redes sociales encendi\u00f3 las cr\u00edticas e incluso el malestar de algunos apoderados del Instituto Nacional. El alcalde de Santiago, Mario Desbordes, se refiri\u00f3 al asunto y pidi\u00f3 un informe sobre lo ocurrido a la rectora del establecimiento, Carolina Vega. &#8220;Nos lleg\u00f3 el video desde apoderados quej\u00e1ndose por la actividad. Se trata de ni\u00f1os, adem\u00e1s. Se nos informa desde el liceo, por parte de la directora, que se trat\u00f3 de una jornada de educaci\u00f3n no sexista. Yo comprendo que haya que discutir ese tipo de cosas, pero no me parece la forma&#8221;, dijo Desbordes al medio mencionado.<\/p>\n<p>Asimismo, el alcalde enfatiz\u00f3 su rechazo con la performance: &#8220;No estoy en absoluto de acuerdo con lo que se hizo, con la performance que se hizo en el lugar, menos con ni\u00f1os como p\u00fablico&#8221;. En relaci\u00f3n con las posibles medidas, Desbordes indic\u00f3 que evaluar\u00e1 si la actividad se ajusta al curr\u00edculo escolar. &#8220;Lo vamos a evaluar. Vamos a ver si se ajusta el curr\u00edculo, si es correcto o no. A m\u00ed, en principio, me parece que no se ajusta para nada, pero yo no puedo aventurar conclusiones. Me parece que fue un error y no estoy para nada de acuerdo con ese tipo de performance en establecimientos educacionales y menos con menores&#8221;, sentenci\u00f3.<\/p>\n<p>La autoridad tambi\u00e9n expres\u00f3 preocupaci\u00f3n por la edad de los estudiantes presentes, se\u00f1alando que &#8220;al parecer se trata de ni\u00f1os de b\u00e1sica, s\u00e9ptimo y octavo. Entonces es un tema que tenemos que ver ahora urgente, pero desde ya anticipo que me parece que esto no corresponde&#8221;.<\/p>\n","protected":false},"excerpt":{"rendered":"<p>Este lunes, el Instituto Nacional realiz\u00f3 una &#8220;Feria no sexista&#8221; que desat\u00f3 cr\u00edticas por invitar a una drag queen a realizar una performance frente a menores de edad. La actividad fue promocionada en Instagram por la Secretar\u00eda de G\u00e9nero y Disidencias sexuales del colegio, con el objetivo de ofrecer talleres y stands sobre g\u00e9nero, diversidad, [&hellip;]<\/p>\n","protected":false},"author":2,"featured_media":17974,"comment_status":"closed","ping_status":"open","sticky":false,"template":"","format":"standard","meta":{"_jetpack_memberships_contains_paid_content":false,"jnews-multi-image_gallery":[],"jnews_single_post":[],"jnews_primary_category":[],"jnews_social_meta":[],"jnews_paywall_metabox":[],"jnews_review":[],"enable_review":"","type":"","name":"","summary":"","brand":"","sku":"","good":[],"bad":[],"score_override":"","override_value":"","rating":[],"price":[],"jnews_override_counter":[],"jnews_post_split":[],"footnotes":""},"categories":[21],"tags":[],"class_list":["post-17975","post","type-post","status-publish","format-standard","has-post-thumbnail","hentry","category-nacional"],"jetpack_featured_media_url":"https:\/\/laserenaradio.cl\/web\/wp-content\/uploads\/2025\/07\/homepiaiextractoscrapimg_webpCriticasperformance_0.webp","jetpack_sharing_enabled":true,"_links":{"self":[{"href":"https:\/\/laserenaradio.cl\/web\/wp-json\/wp\/v2\/posts\/17975","targetHints":{"allow":["GET"]}}],"collection":[{"href":"https:\/\/laserenaradio.cl\/web\/wp-json\/wp\/v2\/posts"}],"about":[{"href":"https:\/\/laserenaradio.cl\/web\/wp-json\/wp\/v2\/types\/post"}],"author":[{"embeddable":true,"href":"https:\/\/laserenaradio.cl\/web\/wp-json\/wp\/v2\/users\/2"}],"replies":[{"embeddable":true,"href":"https:\/\/laserenaradio.cl\/web\/wp-json\/wp\/v2\/comments?post=17975"}],"version-history":[{"count":1,"href":"https:\/\/laserenaradio.cl\/web\/wp-json\/wp\/v2\/posts\/17975\/revisions"}],"predecessor-version":[{"id":17976,"href":"https:\/\/laserenaradio.cl\/web\/wp-json\/wp\/v2\/posts\/17975\/revisions\/17976"}],"wp:featuredmedia":[{"embeddable":true,"href":"https:\/\/laserenaradio.cl\/web\/wp-json\/wp\/v2\/media\/17974"}],"wp:attachment":[{"href":"https:\/\/laserenaradio.cl\/web\/wp-json\/wp\/v2\/media?parent=17975"}],"wp:term":[{"taxonomy":"category","embeddable":true,"href":"https:\/\/laserenaradio.cl\/web\/wp-json\/wp\/v2\/categories?post=17975"},{"taxonomy":"post_tag","embeddable":true,"href":"https:\/\/laserenaradio.cl\/web\/wp-json\/wp\/v2\/tags?post=17975"}],"curies":[{"name":"wp","href":"https:\/\/api.w.org\/{rel}","templated":true}]}}