{"id":17960,"date":"2025-07-21T20:00:48","date_gmt":"2025-07-21T23:00:48","guid":{"rendered":"https:\/\/laserenaradio.cl\/web\/?p=17960"},"modified":"2025-07-21T20:00:48","modified_gmt":"2025-07-21T23:00:48","slug":"exfrentista-comandante-ramiro-fue-examinado-en-fundacion-arturo-lopez-perez","status":"publish","type":"post","link":"https:\/\/laserenaradio.cl\/web\/2025\/07\/21\/exfrentista-comandante-ramiro-fue-examinado-en-fundacion-arturo-lopez-perez\/","title":{"rendered":"Exfrentista &#8220;Comandante Ramiro&#8221; fue examinado en Fundaci\u00f3n Arturo L\u00f3pez P\u00e9rez"},"content":{"rendered":"<p>Despu\u00e9s del desarrollo de un amplio operativo policial en la Fundaci\u00f3n Arturo L\u00f3pez P\u00e9rez (FALP), se confirm\u00f3 que Mauricio Hern\u00e1ndez Norambuena, conocido como \u201cComandante Ramiro\u201d, realizaba una visita programada. El ministro de Seguridad, Luis Cordero, explic\u00f3 que el exfrentista hab\u00eda presentado se\u00f1ales de un deteriorado estado de salud, traslad\u00e1ndose a la Comisi\u00f3n de Seguridad en el Congreso y posteriormente al Hospital Penitenciario.<\/p>\n<p>El secretario de Estado inform\u00f3 que Hern\u00e1ndez se encontraba hospitalizado en el mencionado establecimiento, motivo por el cual fue trasladado a la fundaci\u00f3n para una evaluaci\u00f3n m\u00e9dica. Cordero asegur\u00f3: &#8220;Ha cumplido con todos los protocolos de seguridad y en pocos minutos m\u00e1s debiera ya estar volviendo al Hospital Penitenciario&#8221;.<\/p>\n<p>Se detall\u00f3 que Hern\u00e1ndez se someti\u00f3 a un examen m\u00e9dico, el cual solo era posible realizar fuera del Hospital Penitenciario. El ministro precis\u00f3: &#8220;Al condenado por el crimen de Jaime Guzm\u00e1n en 1991 se le requiri\u00f3 un examen que no se pod\u00eda desarrollar en su lugar habitual de atenci\u00f3n m\u00e9dica&#8221;.<\/p>\n<p>Recuerda que Hern\u00e1ndez ya hab\u00eda sido trasladado desde el Complejo Penitenciario de Rancagua a Santiago, debido a una gravedad de su condici\u00f3n, el pasado 25 de junio. Fuentes de La Radio informaron que el reo baj\u00f3 bruscamente 4 kilos en ese momento, lo que gener\u00f3 preocupaci\u00f3n y gestiones desde el <a href=\"http:\/\/www.minsal.cl\/\">Ministerio de Salud<\/a>.<\/p>\n","protected":false},"excerpt":{"rendered":"<p>Despu\u00e9s del desarrollo de un amplio operativo policial en la Fundaci\u00f3n Arturo L\u00f3pez P\u00e9rez (FALP), se confirm\u00f3 que Mauricio Hern\u00e1ndez Norambuena, conocido como \u201cComandante Ramiro\u201d, realizaba una visita programada. El ministro de Seguridad, Luis Cordero, explic\u00f3 que el exfrentista hab\u00eda presentado se\u00f1ales de un deteriorado estado de salud, traslad\u00e1ndose a la Comisi\u00f3n de Seguridad en [&hellip;]<\/p>\n","protected":false},"author":2,"featured_media":17959,"comment_status":"closed","ping_status":"open","sticky":false,"template":"","format":"standard","meta":{"_jetpack_memberships_contains_paid_content":false,"jnews-multi-image_gallery":[],"jnews_single_post":[],"jnews_primary_category":[],"jnews_social_meta":[],"jnews_paywall_metabox":[],"jnews_review":[],"enable_review":"","type":"","name":"","summary":"","brand":"","sku":"","good":[],"bad":[],"score_override":"","override_value":"","rating":[],"price":[],"jnews_override_counter":[],"jnews_post_split":[],"footnotes":""},"categories":[21],"tags":[],"class_list":["post-17960","post","type-post","status-publish","format-standard","has-post-thumbnail","hentry","category-nacional"],"jetpack_featured_media_url":"https:\/\/laserenaradio.cl\/web\/wp-content\/uploads\/2025\/07\/homepiaiextractoscrapimg_webpHospitalPenitenciarioArturoComandanteRamiroministro_1.webp","jetpack_sharing_enabled":true,"_links":{"self":[{"href":"https:\/\/laserenaradio.cl\/web\/wp-json\/wp\/v2\/posts\/17960","targetHints":{"allow":["GET"]}}],"collection":[{"href":"https:\/\/laserenaradio.cl\/web\/wp-json\/wp\/v2\/posts"}],"about":[{"href":"https:\/\/laserenaradio.cl\/web\/wp-json\/wp\/v2\/types\/post"}],"author":[{"embeddable":true,"href":"https:\/\/laserenaradio.cl\/web\/wp-json\/wp\/v2\/users\/2"}],"replies":[{"embeddable":true,"href":"https:\/\/laserenaradio.cl\/web\/wp-json\/wp\/v2\/comments?post=17960"}],"version-history":[{"count":1,"href":"https:\/\/laserenaradio.cl\/web\/wp-json\/wp\/v2\/posts\/17960\/revisions"}],"predecessor-version":[{"id":17961,"href":"https:\/\/laserenaradio.cl\/web\/wp-json\/wp\/v2\/posts\/17960\/revisions\/17961"}],"wp:featuredmedia":[{"embeddable":true,"href":"https:\/\/laserenaradio.cl\/web\/wp-json\/wp\/v2\/media\/17959"}],"wp:attachment":[{"href":"https:\/\/laserenaradio.cl\/web\/wp-json\/wp\/v2\/media?parent=17960"}],"wp:term":[{"taxonomy":"category","embeddable":true,"href":"https:\/\/laserenaradio.cl\/web\/wp-json\/wp\/v2\/categories?post=17960"},{"taxonomy":"post_tag","embeddable":true,"href":"https:\/\/laserenaradio.cl\/web\/wp-json\/wp\/v2\/tags?post=17960"}],"curies":[{"name":"wp","href":"https:\/\/api.w.org\/{rel}","templated":true}]}}