{"id":17954,"date":"2025-07-21T19:52:58","date_gmt":"2025-07-21T22:52:58","guid":{"rendered":"https:\/\/laserenaradio.cl\/web\/?p=17954"},"modified":"2025-07-21T19:52:58","modified_gmt":"2025-07-21T22:52:58","slug":"carlos-palacios-de-baja-para-el-proximo-partido-de-boca-juniors","status":"publish","type":"post","link":"https:\/\/laserenaradio.cl\/web\/2025\/07\/21\/carlos-palacios-de-baja-para-el-proximo-partido-de-boca-juniors\/","title":{"rendered":"Carlos Palacios de baja para el pr\u00f3ximo partido de Boca Juniors"},"content":{"rendered":"<p>El volante chileno Carlos Palacios atraviesa un complicado y dif\u00edcil momento en Boca Juniors. Tras abandonar con pifias e insultos el \u00faltimo fin de semana en La Bombonera, se sumaron problemas f\u00edsicos que lo descartaron para el pr\u00f3ximo partido del equipo.<\/p>\n<p>Seg\u00fan report\u00f3 TNT Sports del vecino pa\u00eds, la &#8216;Joya&#8217; present\u00f3 complicaciones y, de hecho, entren\u00f3 diferenciado al resto del plantel en esta jornada. En espec\u00edfico, &#8220;una molestia en la rodilla&#8221; no lo dej\u00f3 participar a la par del grupo por la ma\u00f1ana, puntualiz\u00f3 el mismo medio.<\/p>\n<p>Con el paso de las horas, la situaci\u00f3n de Palacios fue convirti\u00e9ndose en noticia al otro lado de la cordillera. En este sentido, ya por la tarde, el periodista Diego Monroig, que cubre el d\u00eda a d\u00eda del conjunto &#8216;bostero&#8217; para ESPN, adelant\u00f3 que el tambi\u00e9n exColo Colo ya es baja para el siguiente duelo de los &#8216;xeneizes&#8217;, por Copa Argentina.<\/p>\n<p>Boca Juniors debe trasladarse hasta Santiago del Estero para verse las caras con Atl\u00e9tico Tucum\u00e1n en los octavos. Sin embargo, el chileno no ir\u00e1.<\/p>\n","protected":false},"excerpt":{"rendered":"<p>El volante chileno Carlos Palacios atraviesa un complicado y dif\u00edcil momento en Boca Juniors. Tras abandonar con pifias e insultos el \u00faltimo fin de semana en La Bombonera, se sumaron problemas f\u00edsicos que lo descartaron para el pr\u00f3ximo partido del equipo. Seg\u00fan report\u00f3 TNT Sports del vecino pa\u00eds, la &#8216;Joya&#8217; present\u00f3 complicaciones y, de hecho, [&hellip;]<\/p>\n","protected":false},"author":2,"featured_media":17953,"comment_status":"closed","ping_status":"open","sticky":false,"template":"","format":"standard","meta":{"_jetpack_memberships_contains_paid_content":false,"jnews-multi-image_gallery":[],"jnews_single_post":[],"jnews_primary_category":[],"jnews_social_meta":[],"jnews_paywall_metabox":[],"jnews_review":[],"enable_review":"","type":"","name":"","summary":"","brand":"","sku":"","good":[],"bad":[],"score_override":"","override_value":"","rating":[],"price":[],"jnews_override_counter":[],"jnews_post_split":[],"footnotes":""},"categories":[84],"tags":[],"class_list":["post-17954","post","type-post","status-publish","format-standard","has-post-thumbnail","hentry","category-deportes"],"jetpack_featured_media_url":"https:\/\/laserenaradio.cl\/web\/wp-content\/uploads\/2025\/07\/homepiaiextractoscrapimg_webpBocaJuniorschilenoCarlosPalaciosya_1.webp","jetpack_sharing_enabled":true,"_links":{"self":[{"href":"https:\/\/laserenaradio.cl\/web\/wp-json\/wp\/v2\/posts\/17954","targetHints":{"allow":["GET"]}}],"collection":[{"href":"https:\/\/laserenaradio.cl\/web\/wp-json\/wp\/v2\/posts"}],"about":[{"href":"https:\/\/laserenaradio.cl\/web\/wp-json\/wp\/v2\/types\/post"}],"author":[{"embeddable":true,"href":"https:\/\/laserenaradio.cl\/web\/wp-json\/wp\/v2\/users\/2"}],"replies":[{"embeddable":true,"href":"https:\/\/laserenaradio.cl\/web\/wp-json\/wp\/v2\/comments?post=17954"}],"version-history":[{"count":1,"href":"https:\/\/laserenaradio.cl\/web\/wp-json\/wp\/v2\/posts\/17954\/revisions"}],"predecessor-version":[{"id":17955,"href":"https:\/\/laserenaradio.cl\/web\/wp-json\/wp\/v2\/posts\/17954\/revisions\/17955"}],"wp:featuredmedia":[{"embeddable":true,"href":"https:\/\/laserenaradio.cl\/web\/wp-json\/wp\/v2\/media\/17953"}],"wp:attachment":[{"href":"https:\/\/laserenaradio.cl\/web\/wp-json\/wp\/v2\/media?parent=17954"}],"wp:term":[{"taxonomy":"category","embeddable":true,"href":"https:\/\/laserenaradio.cl\/web\/wp-json\/wp\/v2\/categories?post=17954"},{"taxonomy":"post_tag","embeddable":true,"href":"https:\/\/laserenaradio.cl\/web\/wp-json\/wp\/v2\/tags?post=17954"}],"curies":[{"name":"wp","href":"https:\/\/api.w.org\/{rel}","templated":true}]}}