{"id":17942,"date":"2025-07-21T13:12:46","date_gmt":"2025-07-21T16:12:46","guid":{"rendered":"https:\/\/laserenaradio.cl\/web\/?p=17942"},"modified":"2025-07-21T13:12:46","modified_gmt":"2025-07-21T16:12:46","slug":"banco-central-advierte-sobre-efectos-de-eliminar-cobros-en-uf","status":"publish","type":"post","link":"https:\/\/laserenaradio.cl\/web\/2025\/07\/21\/banco-central-advierte-sobre-efectos-de-eliminar-cobros-en-uf\/","title":{"rendered":"Banco Central advierte sobre efectos de eliminar cobros en UF."},"content":{"rendered":"<p>Las posturas del sector privado y el <a href=\"https:\/\/www.hacienda.cl\/\">Ministerio de Hacienda<\/a> se alinean contra la eliminaci\u00f3n de ciertos cobros en Unidad de Fomento (UF). El Banco Central, mediante una minuta enviada a la Comisi\u00f3n de Econom\u00eda de la C\u00e1mara, advirti\u00f3 sobre los problemas potenciales. Este an\u00e1lisis es crucial ya que la iniciativa de los diputados del PS, Daniel Manouchehri y Daniella Cicardini, se encuentra en revisi\u00f3n por esta comisi\u00f3n.<\/p>\n<p>La UF juega un papel crucial al eliminar el riesgo inflacionario, proporcionando estabilidad econ\u00f3mica. Sin su uso, podr\u00edan surgir efectos perjudiciales en precios, tasas de inter\u00e9s y acceso al cr\u00e9dito. La presidenta del Banco Central, Rosanna Costa, no ha hecho mayores comentarios p\u00fablicos hasta la fecha.<\/p>\n<p>En el escrito del Banco Central, se menciona que la UF protege tanto a los prestamistas como a los ahorradores. Es particularmente relevante cuando la inflaci\u00f3n es inestable o mayor en el plazo de un activo o deuda. Esta protecci\u00f3n incentiva el ahorro y la inversi\u00f3n, ya que las instituciones financieras tienen m\u00e1s recursos para financiar cr\u00e9ditos.<\/p>\n<p>El organismo dirigido por Costa destaca que la UF ha contribuido significativamente al mercado hipotecario, al proteger contra la inflaci\u00f3n y aliviar el riesgo contractual. Adem\u00e1s, se mencionan otros impactos de su eliminaci\u00f3n: incertidumbre contractual, aumento en las tasas de inter\u00e9s y subida en los requisitos de ingresos m\u00ednimos para hipotecarios.<\/p>\n<p>La minuta del Banco Central tambi\u00e9n se\u00f1ala que eliminar UF de pagos como cr\u00e9ditos hipotecarios, contratos de arriendo o servicios educativos y de salud podr\u00eda incentivar a empresas a aumentar sus precios. Finalmente, el informe concluye que, si se concreta la ley, ser\u00e1 necesario buscar otras alternativas para protegerse contra la inflaci\u00f3n, pero estas podr\u00edan ser m\u00e1s complejas y perjudicar al consumidor.<\/p>\n","protected":false},"excerpt":{"rendered":"<p>Las posturas del sector privado y el Ministerio de Hacienda se alinean contra la eliminaci\u00f3n de ciertos cobros en Unidad de Fomento (UF). El Banco Central, mediante una minuta enviada a la Comisi\u00f3n de Econom\u00eda de la C\u00e1mara, advirti\u00f3 sobre los problemas potenciales. Este an\u00e1lisis es crucial ya que la iniciativa de los diputados del [&hellip;]<\/p>\n","protected":false},"author":2,"featured_media":17941,"comment_status":"closed","ping_status":"open","sticky":false,"template":"","format":"standard","meta":{"_jetpack_memberships_contains_paid_content":false,"jnews-multi-image_gallery":[],"jnews_single_post":[],"jnews_primary_category":[],"jnews_social_meta":[],"jnews_paywall_metabox":[],"jnews_review":[],"enable_review":"","type":"","name":"","summary":"","brand":"","sku":"","good":[],"bad":[],"score_override":"","override_value":"","rating":[],"price":[],"jnews_override_counter":[],"jnews_post_split":[],"footnotes":""},"categories":[85],"tags":[],"class_list":["post-17942","post","type-post","status-publish","format-standard","has-post-thumbnail","hentry","category-economia"],"jetpack_featured_media_url":"https:\/\/laserenaradio.cl\/web\/wp-content\/uploads\/2025\/07\/homepiaiextractoscrapimg_webpBancoCentralcontraeliminarcobros_1.webp","jetpack_sharing_enabled":true,"_links":{"self":[{"href":"https:\/\/laserenaradio.cl\/web\/wp-json\/wp\/v2\/posts\/17942","targetHints":{"allow":["GET"]}}],"collection":[{"href":"https:\/\/laserenaradio.cl\/web\/wp-json\/wp\/v2\/posts"}],"about":[{"href":"https:\/\/laserenaradio.cl\/web\/wp-json\/wp\/v2\/types\/post"}],"author":[{"embeddable":true,"href":"https:\/\/laserenaradio.cl\/web\/wp-json\/wp\/v2\/users\/2"}],"replies":[{"embeddable":true,"href":"https:\/\/laserenaradio.cl\/web\/wp-json\/wp\/v2\/comments?post=17942"}],"version-history":[{"count":1,"href":"https:\/\/laserenaradio.cl\/web\/wp-json\/wp\/v2\/posts\/17942\/revisions"}],"predecessor-version":[{"id":17943,"href":"https:\/\/laserenaradio.cl\/web\/wp-json\/wp\/v2\/posts\/17942\/revisions\/17943"}],"wp:featuredmedia":[{"embeddable":true,"href":"https:\/\/laserenaradio.cl\/web\/wp-json\/wp\/v2\/media\/17941"}],"wp:attachment":[{"href":"https:\/\/laserenaradio.cl\/web\/wp-json\/wp\/v2\/media?parent=17942"}],"wp:term":[{"taxonomy":"category","embeddable":true,"href":"https:\/\/laserenaradio.cl\/web\/wp-json\/wp\/v2\/categories?post=17942"},{"taxonomy":"post_tag","embeddable":true,"href":"https:\/\/laserenaradio.cl\/web\/wp-json\/wp\/v2\/tags?post=17942"}],"curies":[{"name":"wp","href":"https:\/\/api.w.org\/{rel}","templated":true}]}}