{"id":17934,"date":"2025-07-21T13:05:10","date_gmt":"2025-07-21T16:05:10","guid":{"rendered":"https:\/\/laserenaradio.cl\/web\/?p=17934"},"modified":"2025-07-21T13:05:10","modified_gmt":"2025-07-21T16:05:10","slug":"carolina-saravia-asumira-cargo-de-directora-del-sii","status":"publish","type":"post","link":"https:\/\/laserenaradio.cl\/web\/2025\/07\/21\/carolina-saravia-asumira-cargo-de-directora-del-sii\/","title":{"rendered":"Carolina Saravia asumir\u00e1 cargo de directora del SII."},"content":{"rendered":"<p>Un in\u00e9dito traspaso de mando se materializar\u00e1 a las 5 de la tarde de este lunes en el <a href=\"http:\/\/www.sii.cl\/\">Servicio de Impuestos Internos (SII)<\/a>. A esa hora, Javier Etcheberry, el saliente director del organismo, le pasar\u00e1 la posta a su colega Carolina Saravia, como directora subrogante, luego de la renuncia solicitada por La Moneda tras el esc\u00e1ndalo por el no pago de contribuciones durante nueve a\u00f1os.<\/p>\n<p>La asunci\u00f3n de Saravia marca la c\u00faspide de una mete\u00f3rica carrera de 25 a\u00f1os en el SII. Ingres\u00f3 al organismo en el a\u00f1o 2000, tras egresar de Ingenier\u00eda Civil Industrial de la Universidad de Concepci\u00f3n. Entre sus logros destaca su participaci\u00f3n en el dise\u00f1o e implementaci\u00f3n de cambios tributarios que permitieron mayores facultades de fiscalizaci\u00f3n, como las reformas de 2014 y 2020.<\/p>\n<p>Exdirectores como Etcheberry, Juan Toro, Ricardo Escobar, Julio Pereira, Alejandro Burr, Michel Jorratt, Fernando Barraza y Hern\u00e1n Frigolett la han respaldado en su carrera. Una de sus primeras jefaturas lleg\u00f3 en 2007, cuando asumi\u00f3 la jefatura del Departamento de Sistemas de la Subdirecci\u00f3n de Fiscalizaci\u00f3n.<\/p>\n<p>Saravia siempre busc\u00f3 imprimir un sello tecnol\u00f3gico al proceso de fiscalizaci\u00f3n del SII, aprovechando las miles de bases de datos con las que cuenta la entidad. Fue vocera habitual en Operaciones Renta y particip\u00f3 en el dise\u00f1o e implementaci\u00f3n de cambios tributarios que permitieron a Chile acceder a informaci\u00f3n de contribuyentes chilenos en el extranjero.<\/p>\n<p>Ad portas de la pandemia, Barraza design\u00f3 a Saravia como subdirectora de Fiscalizaci\u00f3n. En ese rol, tambi\u00e9n tuvo que hacerse cargo del complejo proceso de implementaci\u00f3n de los pagos de nuevos bonos estatales por el Covid-19 y mantuvo la estrategia contra el crimen organizado.<\/p>\n<p>Liderar el trabajo para reducir la evasi\u00f3n y la elusi\u00f3n ser\u00e1 uno de sus principales desaf\u00edos, al igual que terminar de aplicar el reaval\u00fao de propiedades habitacionales. Tambi\u00e9n tendr\u00e1 a cargo los cobros pendientes adeudados durante nueve a\u00f1os por Etcheberry, luego de que este \u00faltimo renunciara a la prescripci\u00f3n y se allanara a pagar.<\/p>\n<p>Terminar de aplicar el reaval\u00fao de propiedades habitacionales y decidir a los nuevos subdirectores de Avaluaciones y Estudios ser\u00e1n otros desaf\u00edos cruciales para Saravia en su nuevo cargo.<\/p>\n","protected":false},"excerpt":{"rendered":"<p>Un in\u00e9dito traspaso de mando se materializar\u00e1 a las 5 de la tarde de este lunes en el Servicio de Impuestos Internos (SII). A esa hora, Javier Etcheberry, el saliente director del organismo, le pasar\u00e1 la posta a su colega Carolina Saravia, como directora subrogante, luego de la renuncia solicitada por La Moneda tras el [&hellip;]<\/p>\n","protected":false},"author":2,"featured_media":17933,"comment_status":"closed","ping_status":"open","sticky":false,"template":"","format":"standard","meta":{"_jetpack_memberships_contains_paid_content":false,"jnews-multi-image_gallery":[],"jnews_single_post":[],"jnews_primary_category":[],"jnews_social_meta":[],"jnews_paywall_metabox":[],"jnews_review":[],"enable_review":"","type":"","name":"","summary":"","brand":"","sku":"","good":[],"bad":[],"score_override":"","override_value":"","rating":[],"price":[],"jnews_override_counter":[],"jnews_post_split":[],"footnotes":""},"categories":[21],"tags":[],"class_list":["post-17934","post","type-post","status-publish","format-standard","has-post-thumbnail","hentry","category-nacional"],"jetpack_featured_media_url":"https:\/\/laserenaradio.cl\/web\/wp-content\/uploads\/2025\/07\/homepiaiextractoscrapimg_predeterminadalaserenaradio_nacional-22.webp","jetpack_sharing_enabled":true,"_links":{"self":[{"href":"https:\/\/laserenaradio.cl\/web\/wp-json\/wp\/v2\/posts\/17934","targetHints":{"allow":["GET"]}}],"collection":[{"href":"https:\/\/laserenaradio.cl\/web\/wp-json\/wp\/v2\/posts"}],"about":[{"href":"https:\/\/laserenaradio.cl\/web\/wp-json\/wp\/v2\/types\/post"}],"author":[{"embeddable":true,"href":"https:\/\/laserenaradio.cl\/web\/wp-json\/wp\/v2\/users\/2"}],"replies":[{"embeddable":true,"href":"https:\/\/laserenaradio.cl\/web\/wp-json\/wp\/v2\/comments?post=17934"}],"version-history":[{"count":1,"href":"https:\/\/laserenaradio.cl\/web\/wp-json\/wp\/v2\/posts\/17934\/revisions"}],"predecessor-version":[{"id":17935,"href":"https:\/\/laserenaradio.cl\/web\/wp-json\/wp\/v2\/posts\/17934\/revisions\/17935"}],"wp:featuredmedia":[{"embeddable":true,"href":"https:\/\/laserenaradio.cl\/web\/wp-json\/wp\/v2\/media\/17933"}],"wp:attachment":[{"href":"https:\/\/laserenaradio.cl\/web\/wp-json\/wp\/v2\/media?parent=17934"}],"wp:term":[{"taxonomy":"category","embeddable":true,"href":"https:\/\/laserenaradio.cl\/web\/wp-json\/wp\/v2\/categories?post=17934"},{"taxonomy":"post_tag","embeddable":true,"href":"https:\/\/laserenaradio.cl\/web\/wp-json\/wp\/v2\/tags?post=17934"}],"curies":[{"name":"wp","href":"https:\/\/api.w.org\/{rel}","templated":true}]}}