{"id":17928,"date":"2025-07-21T12:15:04","date_gmt":"2025-07-21T15:15:04","guid":{"rendered":"https:\/\/laserenaradio.cl\/web\/?p=17928"},"modified":"2025-07-21T12:15:04","modified_gmt":"2025-07-21T15:15:04","slug":"sicario-venezolano-abandona-chile","status":"publish","type":"post","link":"https:\/\/laserenaradio.cl\/web\/2025\/07\/21\/sicario-venezolano-abandona-chile\/","title":{"rendered":"Sicario venezolano abandona Chile"},"content":{"rendered":"<p>Alberto Carlos Mej\u00eda, un sicario venezolano, abandon\u00f3 Chile el 12 de julio. Fue liberado ilegalmente dos d\u00edas antes, el 10 de julio. La salida irregular gener\u00f3 investigaciones sobre la posible existencia de delitos.<\/p>\n<p>El 12 de julio, Mej\u00eda cruz\u00f3 la frontera por un paso clandestino en Chacalluta, dirigi\u00e9ndose hacia Per\u00fa. Buscado intensamente tanto en Chile como en el extranjero, Interpol emiti\u00f3 una alerta para su localizaci\u00f3n.<\/p>\n<p>Previo a esta huida, Mej\u00eda viaj\u00f3 a Iquique el 11 de julio, donde pag\u00f3 $2,5 millones por un traslado. Luego se dirigi\u00f3 a Arica antes de cruzar a Per\u00fa. En Santiago, el 9 de julio, Mej\u00eda, conocido como &#8220;Osmar Ferrer&#8221;, fue formalizado por el asesinato del empresario Jos\u00e9 Reyes Ossa, llamado \u201cRey de Meiggs\u201d. Otros dos venezolanos vinculados al Tren de Aragua tambi\u00e9n fueron acusados.<\/p>\n<p>El 9 de julio a las 20:17, Mej\u00eda fue sometido a prisi\u00f3n preventiva. Sin embargo, un error en el dictamen dej\u00f3 a la justicia confundida. A las 20:25, se emiti\u00f3 un documento incorrecto liber\u00e1ndolo, y finalmente a las 20:28, se corrigi\u00f3 el nombre pero era ya tarde. Alrededor de 20:00 del mismo d\u00eda, Mej\u00eda estaba en libertad.<\/p>\n<p>Interpol identific\u00f3 que Mej\u00eda Hern\u00e1ndez hab\u00eda fingido su nombre durante su estancia chilena. La <a href=\"https:\/\/www.fiscaliadechile.cl\/\">Fiscal\u00eda<\/a> Occidente y la <a href=\"https:\/\/www.pdichile.cl\/\">PDI<\/a> exploran si hubo cr\u00edmenes en el caso, mientras la <a href=\"https:\/\/www.fiscaliadechile.cl\/\">Fiscal\u00eda<\/a> Oriente y <a href=\"https:\/\/www.carabineros.cl\/\">Carabineros<\/a> buscan capturarlo.<\/p>\n","protected":false},"excerpt":{"rendered":"<p>Alberto Carlos Mej\u00eda, un sicario venezolano, abandon\u00f3 Chile el 12 de julio. Fue liberado ilegalmente dos d\u00edas antes, el 10 de julio. La salida irregular gener\u00f3 investigaciones sobre la posible existencia de delitos. El 12 de julio, Mej\u00eda cruz\u00f3 la frontera por un paso clandestino en Chacalluta, dirigi\u00e9ndose hacia Per\u00fa. Buscado intensamente tanto en Chile [&hellip;]<\/p>\n","protected":false},"author":2,"featured_media":17927,"comment_status":"closed","ping_status":"open","sticky":false,"template":"","format":"standard","meta":{"_jetpack_memberships_contains_paid_content":false,"jnews-multi-image_gallery":[],"jnews_single_post":[],"jnews_primary_category":[],"jnews_social_meta":[],"jnews_paywall_metabox":[],"jnews_review":[],"enable_review":"","type":"","name":"","summary":"","brand":"","sku":"","good":[],"bad":[],"score_override":"","override_value":"","rating":[],"price":[],"jnews_override_counter":[],"jnews_post_split":[],"footnotes":""},"categories":[21],"tags":[],"class_list":["post-17928","post","type-post","status-publish","format-standard","has-post-thumbnail","hentry","category-nacional"],"jetpack_featured_media_url":"https:\/\/laserenaradio.cl\/web\/wp-content\/uploads\/2025\/07\/homepiaiextractoscrapimg_webpjulioChilevenezolanoantes_1.webp","jetpack_sharing_enabled":true,"_links":{"self":[{"href":"https:\/\/laserenaradio.cl\/web\/wp-json\/wp\/v2\/posts\/17928","targetHints":{"allow":["GET"]}}],"collection":[{"href":"https:\/\/laserenaradio.cl\/web\/wp-json\/wp\/v2\/posts"}],"about":[{"href":"https:\/\/laserenaradio.cl\/web\/wp-json\/wp\/v2\/types\/post"}],"author":[{"embeddable":true,"href":"https:\/\/laserenaradio.cl\/web\/wp-json\/wp\/v2\/users\/2"}],"replies":[{"embeddable":true,"href":"https:\/\/laserenaradio.cl\/web\/wp-json\/wp\/v2\/comments?post=17928"}],"version-history":[{"count":1,"href":"https:\/\/laserenaradio.cl\/web\/wp-json\/wp\/v2\/posts\/17928\/revisions"}],"predecessor-version":[{"id":17929,"href":"https:\/\/laserenaradio.cl\/web\/wp-json\/wp\/v2\/posts\/17928\/revisions\/17929"}],"wp:featuredmedia":[{"embeddable":true,"href":"https:\/\/laserenaradio.cl\/web\/wp-json\/wp\/v2\/media\/17927"}],"wp:attachment":[{"href":"https:\/\/laserenaradio.cl\/web\/wp-json\/wp\/v2\/media?parent=17928"}],"wp:term":[{"taxonomy":"category","embeddable":true,"href":"https:\/\/laserenaradio.cl\/web\/wp-json\/wp\/v2\/categories?post=17928"},{"taxonomy":"post_tag","embeddable":true,"href":"https:\/\/laserenaradio.cl\/web\/wp-json\/wp\/v2\/tags?post=17928"}],"curies":[{"name":"wp","href":"https:\/\/api.w.org\/{rel}","templated":true}]}}