{"id":17925,"date":"2025-07-21T12:07:21","date_gmt":"2025-07-21T15:07:21","guid":{"rendered":"https:\/\/laserenaradio.cl\/web\/?p=17925"},"modified":"2025-07-21T12:07:21","modified_gmt":"2025-07-21T15:07:21","slug":"fabrica-clandestina-de-armas-en-panguipulli-aun-no-hay-detenidos","status":"publish","type":"post","link":"https:\/\/laserenaradio.cl\/web\/2025\/07\/21\/fabrica-clandestina-de-armas-en-panguipulli-aun-no-hay-detenidos\/","title":{"rendered":"F\u00e1brica clandestina de armas en Panguipulli: a\u00fan no hay detenidos."},"content":{"rendered":"<p>A m\u00e1s de un a\u00f1o desde la descubierta de una f\u00e1brica clandestina de armas en la zona cordillerana de Panguipulli, Los R\u00edos, la Polic\u00eda de Investigaciones (<a href=\"https:\/\/www.pdichile.cl\/\">PDI<\/a>) inform\u00f3 que a\u00fan no hay detenidos. El operativo se llev\u00f3 a cabo el 5 de junio del 2024 en Liqui\u00f1e, allanando una casa de dos pisos donde encontraron herramientas para fabricar armas de fuego como pistolas o escopetas.<\/p>\n<p>El jefe de la <a href=\"https:\/\/www.pdichile.cl\/\">PDI<\/a> en Los R\u00edos, prefecto Eugenio Herrera, declar\u00f3 que \u201clas caracter\u00edsticas de esta investigaci\u00f3n son complejas\u201d. Indic\u00f3 que el trabajo investigativo se encuentra bajo la Prefectura Macrozona Sur con sede en Temuco, especializada en casos similares.<\/p>\n<p>Herrera evit\u00f3 detallar las diligencias en curso pero confirm\u00f3 que hay avances que se revelar\u00e1n p\u00fablicamente con el tiempo. En paralelo, el Ministerio P\u00fablico identific\u00f3 a personas relacionadas con el caso pero a\u00fan no fueron detenidas. \u00c1ngel Valencia, fiscal nacional, indic\u00f3 que las armas incautadas podr\u00edan estar vinculadas a delitos violentos.<\/p>\n","protected":false},"excerpt":{"rendered":"<p>A m\u00e1s de un a\u00f1o desde la descubierta de una f\u00e1brica clandestina de armas en la zona cordillerana de Panguipulli, Los R\u00edos, la Polic\u00eda de Investigaciones (PDI) inform\u00f3 que a\u00fan no hay detenidos. El operativo se llev\u00f3 a cabo el 5 de junio del 2024 en Liqui\u00f1e, allanando una casa de dos pisos donde encontraron [&hellip;]<\/p>\n","protected":false},"author":2,"featured_media":17924,"comment_status":"closed","ping_status":"open","sticky":false,"template":"","format":"standard","meta":{"_jetpack_memberships_contains_paid_content":false,"jnews-multi-image_gallery":[],"jnews_single_post":[],"jnews_primary_category":[],"jnews_social_meta":[],"jnews_paywall_metabox":[],"jnews_review":[],"enable_review":"","type":"","name":"","summary":"","brand":"","sku":"","good":[],"bad":[],"score_override":"","override_value":"","rating":[],"price":[],"jnews_override_counter":[],"jnews_post_split":[],"footnotes":""},"categories":[21],"tags":[],"class_list":["post-17925","post","type-post","status-publish","format-standard","has-post-thumbnail","hentry","category-nacional"],"jetpack_featured_media_url":"https:\/\/laserenaradio.cl\/web\/wp-content\/uploads\/2025\/07\/homepiaiextractoscrapimg_webparmasclandestinaPanguipullipdichile_1.webp","jetpack_sharing_enabled":true,"_links":{"self":[{"href":"https:\/\/laserenaradio.cl\/web\/wp-json\/wp\/v2\/posts\/17925","targetHints":{"allow":["GET"]}}],"collection":[{"href":"https:\/\/laserenaradio.cl\/web\/wp-json\/wp\/v2\/posts"}],"about":[{"href":"https:\/\/laserenaradio.cl\/web\/wp-json\/wp\/v2\/types\/post"}],"author":[{"embeddable":true,"href":"https:\/\/laserenaradio.cl\/web\/wp-json\/wp\/v2\/users\/2"}],"replies":[{"embeddable":true,"href":"https:\/\/laserenaradio.cl\/web\/wp-json\/wp\/v2\/comments?post=17925"}],"version-history":[{"count":1,"href":"https:\/\/laserenaradio.cl\/web\/wp-json\/wp\/v2\/posts\/17925\/revisions"}],"predecessor-version":[{"id":17926,"href":"https:\/\/laserenaradio.cl\/web\/wp-json\/wp\/v2\/posts\/17925\/revisions\/17926"}],"wp:featuredmedia":[{"embeddable":true,"href":"https:\/\/laserenaradio.cl\/web\/wp-json\/wp\/v2\/media\/17924"}],"wp:attachment":[{"href":"https:\/\/laserenaradio.cl\/web\/wp-json\/wp\/v2\/media?parent=17925"}],"wp:term":[{"taxonomy":"category","embeddable":true,"href":"https:\/\/laserenaradio.cl\/web\/wp-json\/wp\/v2\/categories?post=17925"},{"taxonomy":"post_tag","embeddable":true,"href":"https:\/\/laserenaradio.cl\/web\/wp-json\/wp\/v2\/tags?post=17925"}],"curies":[{"name":"wp","href":"https:\/\/api.w.org\/{rel}","templated":true}]}}