{"id":17919,"date":"2025-07-21T11:09:47","date_gmt":"2025-07-21T14:09:47","guid":{"rendered":"https:\/\/laserenaradio.cl\/web\/?p=17919"},"modified":"2025-07-21T11:09:47","modified_gmt":"2025-07-21T14:09:47","slug":"universidad-de-chile-anuncia-la-llegada-de-vargas-y-matus","status":"publish","type":"post","link":"https:\/\/laserenaradio.cl\/web\/2025\/07\/21\/universidad-de-chile-anuncia-la-llegada-de-vargas-y-matus\/","title":{"rendered":"Universidad de Chile anuncia la llegada de Vargas y Matus."},"content":{"rendered":"<p>Universidad de Chile no pudo celebrar este domingo tras igualar 2-2 en su visita a \u00d1ublense por la fecha 16 de la Liga de Primera 2025.<\/p>\n<p>Pero los azules, fuera de la cancha, tienen motivos para festejar. La U podr\u00eda sellar la llegada de dos refuerzos para lo que resta de temporada.<\/p>\n<p>Seg\u00fan detall\u00f3 el periodista Marcelo D\u00edaz, de TNT Sports, el regreso de Eduardo Vargas a los estudiantiles est\u00e1 pr\u00e1cticamente acordado. &#8220;Eduardo Vargas va a llegar a Universidad de Chile&#8221;, indic\u00f3 el comunicador.<\/p>\n<p>Recordemos que \u00e9l se fue en diciembre del a\u00f1o 2011 despu\u00e9s del t\u00edtulo que le gana Universidad de Chile a Cobreloa, luego de la obtenci\u00f3n de la Copa Sudamericana. All\u00ed se fue al Napoli y ahora, tras 14 a\u00f1os, retorna al club.<\/p>\n<p>La otra incorporaci\u00f3n para La U ser\u00e1 Esteban Matus. &#8220;El otro es Esteban Matus, confirmado por el propio t\u00e9cnico de Audax Italiano. Tambi\u00e9n es refuerzo de La U&#8221;, concluy\u00f3 D\u00edaz.<\/p>\n","protected":false},"excerpt":{"rendered":"<p>Universidad de Chile no pudo celebrar este domingo tras igualar 2-2 en su visita a \u00d1ublense por la fecha 16 de la Liga de Primera 2025. Pero los azules, fuera de la cancha, tienen motivos para festejar. La U podr\u00eda sellar la llegada de dos refuerzos para lo que resta de temporada. Seg\u00fan detall\u00f3 el [&hellip;]<\/p>\n","protected":false},"author":2,"featured_media":17918,"comment_status":"closed","ping_status":"open","sticky":false,"template":"","format":"standard","meta":{"_jetpack_memberships_contains_paid_content":false,"jnews-multi-image_gallery":[],"jnews_single_post":[],"jnews_primary_category":[],"jnews_social_meta":[],"jnews_paywall_metabox":[],"jnews_review":[],"enable_review":"","type":"","name":"","summary":"","brand":"","sku":"","good":[],"bad":[],"score_override":"","override_value":"","rating":[],"price":[],"jnews_override_counter":[],"jnews_post_split":[],"footnotes":""},"categories":[84],"tags":[],"class_list":["post-17919","post","type-post","status-publish","format-standard","has-post-thumbnail","hentry","category-deportes"],"jetpack_featured_media_url":"https:\/\/laserenaradio.cl\/web\/wp-content\/uploads\/2025\/07\/homepiaiextractoscrapimg_webpUniversidadChilellegadaEduardoVargas_1.webp","jetpack_sharing_enabled":true,"_links":{"self":[{"href":"https:\/\/laserenaradio.cl\/web\/wp-json\/wp\/v2\/posts\/17919","targetHints":{"allow":["GET"]}}],"collection":[{"href":"https:\/\/laserenaradio.cl\/web\/wp-json\/wp\/v2\/posts"}],"about":[{"href":"https:\/\/laserenaradio.cl\/web\/wp-json\/wp\/v2\/types\/post"}],"author":[{"embeddable":true,"href":"https:\/\/laserenaradio.cl\/web\/wp-json\/wp\/v2\/users\/2"}],"replies":[{"embeddable":true,"href":"https:\/\/laserenaradio.cl\/web\/wp-json\/wp\/v2\/comments?post=17919"}],"version-history":[{"count":1,"href":"https:\/\/laserenaradio.cl\/web\/wp-json\/wp\/v2\/posts\/17919\/revisions"}],"predecessor-version":[{"id":17920,"href":"https:\/\/laserenaradio.cl\/web\/wp-json\/wp\/v2\/posts\/17919\/revisions\/17920"}],"wp:featuredmedia":[{"embeddable":true,"href":"https:\/\/laserenaradio.cl\/web\/wp-json\/wp\/v2\/media\/17918"}],"wp:attachment":[{"href":"https:\/\/laserenaradio.cl\/web\/wp-json\/wp\/v2\/media?parent=17919"}],"wp:term":[{"taxonomy":"category","embeddable":true,"href":"https:\/\/laserenaradio.cl\/web\/wp-json\/wp\/v2\/categories?post=17919"},{"taxonomy":"post_tag","embeddable":true,"href":"https:\/\/laserenaradio.cl\/web\/wp-json\/wp\/v2\/tags?post=17919"}],"curies":[{"name":"wp","href":"https:\/\/api.w.org\/{rel}","templated":true}]}}